{"id":23704,"date":"2023-11-03T00:00:20","date_gmt":"2023-11-02T22:00:20","guid":{"rendered":"https:\/\/www.comunicatur.info\/?p=23704"},"modified":"2023-11-02T17:49:05","modified_gmt":"2023-11-02T15:49:05","slug":"los-hosteleros-no-recibiran-indemnizaciones-por-la-pandemia","status":"publish","type":"post","link":"https:\/\/www.comunicatur.info\/es\/los-hosteleros-no-recibiran-indemnizaciones-por-la-pandemia\/","title":{"rendered":"Los hosteleros no recibir\u00e1n indemnizaciones por la pandemia"},"content":{"rendered":"<p>El Tribunal Supremo (TS) no avala la reclamaci\u00f3n del sector de la hosteler\u00eda y la restauraci\u00f3n a la Administraci\u00f3n General del Estado para que los indemnice por las restricciones que aplic\u00f3 a los establecimientos durante la pandemia. El sector consideraba que el Gobierno fue excesivamente restrictivo con las medidas y la Sala de lo Contencioso Administrativo del TS resuelve que la crisis de la Covid-19 <strong><em>\u201cse ajusta a la definici\u00f3n de circunstancia de fuerza mayor\u201d.<\/em><\/strong><\/p>\n<p>Empresarios y aut\u00f3nomos se basaban en el dictamen del Tribunal Constitucional que declar\u00f3 parcialmente inconstitucionales los reales decretos que declaraban el estado de alarma. El TS comenta que esta inconstitucionalidad no da pie a presentar reclamaciones de responsabilidad patrimonial y a\u00f1ade que las medidas adoptadas <strong><em>\u201cfueron necesarias, adecuadas y proporcionadas a la gravedad de la situaci\u00f3n\u201d.<\/em><\/strong><\/p>\n<p>Esta resoluci\u00f3n del Supremo sirve para sentar criterio ante el resto de reclamaciones que se han presentado sobre la afectaci\u00f3n que el estado de alarma tuvo en las empresas. En la Sala de lo Contencioso est\u00e1n pendientes casi mil asuntos equivalentes al recurso que ha desestimado el Tribunal y varios miles m\u00e1s se encuentran en tramitaci\u00f3n en el Gobierno. As\u00ed pues, el Gobierno no tendr\u00e1 que indemnizar a los hosteleros por la pandemia.<\/p>\n<blockquote class=\"wp-embedded-content\" data-secret=\"YiCNxBJ5X0\"><p><a href=\"https:\/\/www.comunicatur.info\/es\/la-hosteleria-es-el-sector-mas-vulnerable-y-desatendido-en-la-pandemia\/\">La hosteler\u00eda es el sector m\u00e1s vulnerable y desatendido en la pandemia<\/a><\/p><\/blockquote>\n<p><iframe class=\"wp-embedded-content\" sandbox=\"allow-scripts\" security=\"restricted\" style=\"position: absolute; clip: rect(1px, 1px, 1px, 1px);\" title=\"&#8220;La hosteler\u00eda es el sector m\u00e1s vulnerable y desatendido en la pandemia&#8221; &#8212; Comunicatur\" src=\"https:\/\/www.comunicatur.info\/es\/la-hosteleria-es-el-sector-mas-vulnerable-y-desatendido-en-la-pandemia\/embed\/#?secret=wD4lw4Mo0j#?secret=YiCNxBJ5X0\" data-secret=\"YiCNxBJ5X0\" width=\"500\" height=\"282\" frameborder=\"0\" marginwidth=\"0\" marginheight=\"0\" scrolling=\"no\"><\/iframe><\/p>\n<blockquote class=\"wp-embedded-content\" data-secret=\"JWYlXD0rPW\"><p><a href=\"https:\/\/www.comunicatur.info\/es\/el-sector-de-la-hosteleria-esta-harto-del-consejero-catalan-de-salud\/\">El sector de la hosteler\u00eda est\u00e1 harto del consejero catal\u00e1n de Salud<\/a><\/p><\/blockquote>\n<p><iframe class=\"wp-embedded-content\" sandbox=\"allow-scripts\" security=\"restricted\" style=\"position: absolute; clip: rect(1px, 1px, 1px, 1px);\" title=\"&#8220;El sector de la hosteler\u00eda est\u00e1 harto del consejero catal\u00e1n de Salud&#8221; &#8212; Comunicatur\" src=\"https:\/\/www.comunicatur.info\/es\/el-sector-de-la-hosteleria-esta-harto-del-consejero-catalan-de-salud\/embed\/#?secret=A8cdU2hKpU#?secret=JWYlXD0rPW\" data-secret=\"JWYlXD0rPW\" width=\"500\" height=\"282\" frameborder=\"0\" marginwidth=\"0\" marginheight=\"0\" scrolling=\"no\"><\/iframe><\/p>\n<blockquote class=\"wp-embedded-content\" data-secret=\"dbYXu3ubvz\"><p><a href=\"https:\/\/www.comunicatur.info\/es\/se-manifiestan-en-las-calles-las-agencias-de-viaje-la-hosteleria-y-los-guias-turisticos\/\">Se manifiestan en las calles las agencias de viaje, la hosteler\u00eda y los gu\u00edas tur\u00edsticos<\/a><\/p><\/blockquote>\n<p><iframe class=\"wp-embedded-content\" sandbox=\"allow-scripts\" security=\"restricted\" style=\"position: absolute; clip: rect(1px, 1px, 1px, 1px);\" title=\"&#8220;Se manifiestan en las calles las agencias de viaje, la hosteler\u00eda y los gu\u00edas tur\u00edsticos&#8221; &#8212; Comunicatur\" src=\"https:\/\/www.comunicatur.info\/es\/se-manifiestan-en-las-calles-las-agencias-de-viaje-la-hosteleria-y-los-guias-turisticos\/embed\/#?secret=vYhFwOLkLH#?secret=dbYXu3ubvz\" data-secret=\"dbYXu3ubvz\" width=\"500\" height=\"282\" frameborder=\"0\" marginwidth=\"0\" marginheight=\"0\" scrolling=\"no\"><\/iframe><\/p>\n","protected":false},"excerpt":{"rendered":"<p>El Tribunal Supremo (TS) no avala la reclamaci\u00f3n del sector de la hosteler\u00eda y la restauraci\u00f3n a la Administraci\u00f3n General del Estado para que los indemnice por las restricciones que aplic\u00f3 a los establecimientos durante la pandemia. El sector consideraba que el Gobierno fue excesivamente restrictivo con las medidas y la Sala de lo Contencioso &hellip;<\/p>\n","protected":false},"author":408,"featured_media":19173,"comment_status":"closed","ping_status":"open","sticky":false,"template":"","format":"standard","meta":[],"categories":[61],"tags":[],"_links":{"self":[{"href":"https:\/\/www.comunicatur.info\/es\/wp-json\/wp\/v2\/posts\/23704"}],"collection":[{"href":"https:\/\/www.comunicatur.info\/es\/wp-json\/wp\/v2\/posts"}],"about":[{"href":"https:\/\/www.comunicatur.info\/es\/wp-json\/wp\/v2\/types\/post"}],"author":[{"embeddable":true,"href":"https:\/\/www.comunicatur.info\/es\/wp-json\/wp\/v2\/users\/408"}],"replies":[{"embeddable":true,"href":"https:\/\/www.comunicatur.info\/es\/wp-json\/wp\/v2\/comments?post=23704"}],"version-history":[{"count":2,"href":"https:\/\/www.comunicatur.info\/es\/wp-json\/wp\/v2\/posts\/23704\/revisions"}],"predecessor-version":[{"id":23708,"href":"https:\/\/www.comunicatur.info\/es\/wp-json\/wp\/v2\/posts\/23704\/revisions\/23708"}],"wp:featuredmedia":[{"embeddable":true,"href":"https:\/\/www.comunicatur.info\/es\/wp-json\/wp\/v2\/media\/19173"}],"wp:attachment":[{"href":"https:\/\/www.comunicatur.info\/es\/wp-json\/wp\/v2\/media?parent=23704"}],"wp:term":[{"taxonomy":"category","embeddable":true,"href":"https:\/\/www.comunicatur.info\/es\/wp-json\/wp\/v2\/categories?post=23704"},{"taxonomy":"post_tag","embeddable":true,"href":"https:\/\/www.comunicatur.info\/es\/wp-json\/wp\/v2\/tags?post=23704"}],"curies":[{"name":"wp","href":"https:\/\/api.w.org\/{rel}","templated":true}]}}