{"id":23686,"date":"2023-11-02T00:00:08","date_gmt":"2023-11-01T22:00:08","guid":{"rendered":"https:\/\/www.comunicatur.info\/?p=23686"},"modified":"2023-11-01T19:15:04","modified_gmt":"2023-11-01T17:15:04","slug":"nueva-moratoria-de-interior-para-las-agencias-hasta-el-1-de-octubre-de-2024","status":"publish","type":"post","link":"https:\/\/www.comunicatur.info\/es\/nueva-moratoria-de-interior-para-las-agencias-hasta-el-1-de-octubre-de-2024\/","title":{"rendered":"Nueva moratoria de Interior para las agencias hasta el 1 de octubre de 2024"},"content":{"rendered":"<p>El Ministerio del Interior ha aceptado prorrogar nuevamente la aplicaci\u00f3n del<a href=\"https:\/\/www.boe.es\/diario_boe\/txt.php?id=BOE-A-2021-17461\" target=\"_blank\" rel=\"noopener\"> Real Decreto que obliga a les agencias de viajes a informar<\/a>, al igual que hacen los alojamientos, sobre las reservas de sus clientes.<\/p>\n<p>Las principales asociaciones de agencias de viajes &#8211;<strong>ACAVe, Fetave y Unav<\/strong>&#8211; se hab\u00edan reunido con el Ministerio y le hab\u00edan pedido que ampliara hasta octubre de 2024 la entrada en vigor. <strong>El sistema dise\u00f1ado por la administraci\u00f3n no ha funcionado correctamente.<\/strong> Las pruebas realizadas han ido dando dificultades y el sector, que ya se mostr\u00f3 cr\u00edtico con esta normativa, hab\u00eda pedido un nuevo aplazamiento.<\/p>\n<blockquote><p>De retraso en retraso, pero sin aceptar el fiasco<\/p><\/blockquote>\n<p><a href=\"https:\/\/www.comunicatur.info\/es\/las-agencias-tienen-que-informar-de-sus-reservas-a-las-autoridades-publicas\/\" target=\"_blank\" rel=\"noopener\">La realidad es que el gobierno ha sido incapaz de conjugar su voluntad de ampliar las medidas de seguridad nacional con la realidad del sector tur\u00edstico.<\/a> <strong>E<\/strong><strong>l Ministerio est\u00e1 comprendiendo la complejidad t\u00e9cnica y jur\u00eddica que conlleva la aplicaci\u00f3n de la norma<\/strong>, dicen las agencias.<\/p>\n<p>En abril de 2022 ten\u00eda que estar operando este <a href=\"https:\/\/www.boe.es\/diario_boe\/txt.php?id=BOE-A-2021-17461\" target=\"_blank\" rel=\"noopener\">Real Decreto 933\/2021 sobre las obligaciones de registro y documentaci\u00f3n.<\/a> Un decreto que afecta a \u201c<em><strong>los operadores tur\u00edsticos que presten servicios de intermediaci\u00f3n entre las empresas dedicadas a la hospeder\u00eda y los consumidores\u201d. <\/strong><\/em><\/p>\n<p><em>Si no nos descontamos, <a href=\"https:\/\/www.comunicatur.info\/es\/las-agencias-tendran-mas-tiempo-para-adaptarse-a-las-exigencias-de-interior\/\" target=\"_blank\" rel=\"noopener\">desde Comunicatur calculamos un retraso tras otro en su aplicaci\u00f3n: de abril del 2022 se pas\u00f3 a enero de 2023, despu\u00e9s a junio y ahora ya se pasa al 1 de octubre de 2024.<\/a><\/em><\/p>\n<p>Las asociaciones piden la ampliaci\u00f3n de la pr\u00f3rroga hasta octubre del 2024. El Ministerio receptivo, a esta petici\u00f3n, adem\u00e1s, ha informado que est\u00e1 desarrollando una Orden Ministerial que <strong>acotar\u00e1 la aplicaci\u00f3n del Real Decreto a la operativa y a la realidad de las agencias de viajes<\/strong>. Los ajustes a la realidad del sector pasan por evitar que el Real Decreto suponga una carga adicional para las agencias.<\/p>\n<blockquote class=\"wp-embedded-content\" data-secret=\"cAIvNGoVCb\"><p><a href=\"https:\/\/www.comunicatur.info\/es\/las-agencias-tendran-mas-tiempo-para-adaptarse-a-las-exigencias-de-interior\/\">Las agencias tendr\u00e1n m\u00e1s tiempo para adaptarse a las exigencias de Interior<\/a><\/p><\/blockquote>\n<p><iframe class=\"wp-embedded-content\" sandbox=\"allow-scripts\" security=\"restricted\" style=\"position: absolute; clip: rect(1px, 1px, 1px, 1px);\" title=\"&#8220;Las agencias tendr\u00e1n m\u00e1s tiempo para adaptarse a las exigencias de Interior&#8221; &#8212; Comunicatur\" src=\"https:\/\/www.comunicatur.info\/es\/las-agencias-tendran-mas-tiempo-para-adaptarse-a-las-exigencias-de-interior\/embed\/#?secret=KUcxR5AQZH#?secret=cAIvNGoVCb\" data-secret=\"cAIvNGoVCb\" width=\"500\" height=\"282\" frameborder=\"0\" marginwidth=\"0\" marginheight=\"0\" scrolling=\"no\"><\/iframe><\/p>\n<blockquote class=\"wp-embedded-content\" data-secret=\"mD3IqndsCs\"><p><a href=\"https:\/\/www.comunicatur.info\/es\/las-agencias-tienen-que-informar-de-sus-reservas-a-las-autoridades-publicas\/\">Las agencias tienen que informar de sus reservas a las autoridades p\u00fablicas<\/a><\/p><\/blockquote>\n<p><iframe class=\"wp-embedded-content\" sandbox=\"allow-scripts\" security=\"restricted\" style=\"position: absolute; clip: rect(1px, 1px, 1px, 1px);\" title=\"&#8220;Las agencias tienen que informar de sus reservas a las autoridades p\u00fablicas&#8221; &#8212; Comunicatur\" src=\"https:\/\/www.comunicatur.info\/es\/las-agencias-tienen-que-informar-de-sus-reservas-a-las-autoridades-publicas\/embed\/#?secret=7OwH8cry1A#?secret=mD3IqndsCs\" data-secret=\"mD3IqndsCs\" width=\"500\" height=\"282\" frameborder=\"0\" marginwidth=\"0\" marginheight=\"0\" scrolling=\"no\"><\/iframe><\/p>\n<p>&nbsp;<\/p>\n","protected":false},"excerpt":{"rendered":"<p>El Ministerio del Interior ha aceptado prorrogar nuevamente la aplicaci\u00f3n del Real Decreto que obliga a les agencias de viajes a informar, al igual que hacen los alojamientos, sobre las reservas de sus clientes. Las principales asociaciones de agencias de viajes &#8211;ACAVe, Fetave y Unav&#8211; se hab\u00edan reunido con el Ministerio y le hab\u00edan pedido &hellip;<\/p>\n","protected":false},"author":408,"featured_media":23680,"comment_status":"closed","ping_status":"open","sticky":false,"template":"","format":"standard","meta":[],"categories":[66],"tags":[],"_links":{"self":[{"href":"https:\/\/www.comunicatur.info\/es\/wp-json\/wp\/v2\/posts\/23686"}],"collection":[{"href":"https:\/\/www.comunicatur.info\/es\/wp-json\/wp\/v2\/posts"}],"about":[{"href":"https:\/\/www.comunicatur.info\/es\/wp-json\/wp\/v2\/types\/post"}],"author":[{"embeddable":true,"href":"https:\/\/www.comunicatur.info\/es\/wp-json\/wp\/v2\/users\/408"}],"replies":[{"embeddable":true,"href":"https:\/\/www.comunicatur.info\/es\/wp-json\/wp\/v2\/comments?post=23686"}],"version-history":[{"count":3,"href":"https:\/\/www.comunicatur.info\/es\/wp-json\/wp\/v2\/posts\/23686\/revisions"}],"predecessor-version":[{"id":23690,"href":"https:\/\/www.comunicatur.info\/es\/wp-json\/wp\/v2\/posts\/23686\/revisions\/23690"}],"wp:featuredmedia":[{"embeddable":true,"href":"https:\/\/www.comunicatur.info\/es\/wp-json\/wp\/v2\/media\/23680"}],"wp:attachment":[{"href":"https:\/\/www.comunicatur.info\/es\/wp-json\/wp\/v2\/media?parent=23686"}],"wp:term":[{"taxonomy":"category","embeddable":true,"href":"https:\/\/www.comunicatur.info\/es\/wp-json\/wp\/v2\/categories?post=23686"},{"taxonomy":"post_tag","embeddable":true,"href":"https:\/\/www.comunicatur.info\/es\/wp-json\/wp\/v2\/tags?post=23686"}],"curies":[{"name":"wp","href":"https:\/\/api.w.org\/{rel}","templated":true}]}}