{"id":23625,"date":"2023-10-25T00:00:24","date_gmt":"2023-10-24T22:00:24","guid":{"rendered":"https:\/\/www.comunicatur.info\/?p=23625"},"modified":"2024-01-07T23:20:55","modified_gmt":"2024-01-07T21:20:55","slug":"aumenta-el-turismo-extranjero-en-las-comarcas-de-barcelona-y-se-consolida-el-turismo-de-proximidad","status":"publish","type":"post","link":"https:\/\/www.comunicatur.info\/es\/aumenta-el-turismo-extranjero-en-las-comarcas-de-barcelona-y-se-consolida-el-turismo-de-proximidad\/","title":{"rendered":"Aumenta el turismo extranjero en las comarcas de Barcelona y se consolida el turismo de proximidad"},"content":{"rendered":"<p>El <strong>LAB TURISME de la Diputaci\u00f3n de Barcelona<\/strong> ha dado a conocer el <em>Informe de Balance de la actividad tur\u00edstica en el verano 2023 en el Entorno de Barcelona.<br \/>\n<\/em>A nivel general destaca que <strong>1,28 millones de personas (+7,1%) visitaron las comarcas de la provincia de Barcelona (exceptuando el Barcelon\u00e8s).<br \/>\nTambi\u00e9n se ha detectado un incremento de un 12,6% del turismo extranjero, que sigue siendo mayoritario y que representa un 57,3% del total.<\/strong><\/p>\n<p>A pesar de ser todav\u00eda Francia el principal mercado de procedencia de los turistas extranjeros, se observa un descenso progresivo de los turistas franceses, que el 2021 representaban el 40,8%; el 2022 un 34,4% y un 27,5% este a\u00f1o. Por el contrario, va en aumento la presencia de alemanes (7,9% el 2021; 10,7% el 2022 i 12,3% el 2023) y tambi\u00e9n la de brit\u00e1nicos (4,5% el 2021; 9,7% el 2022 i 11,3% el 2023).<\/p>\n<p>Por su parte, <strong>el turismo del mercado espa\u00f1ol llega al 42,7% del total y, como ya es habitual, procede principalmente de Catalu\u00f1a (77,6%)<\/strong> seguida de la Comunidad de Madrid (4,0%), el Pa\u00eds Vasco (3,5%) i la Comunidad Valenciana (3,4%).<\/p>\n<p>Es importante remarcar que <strong>la presencia del turismo de proximidad se mantiene y consolida, siguiendo la tendencia iniciada con la pandemia. <\/strong>As\u00ed, se ha llegado a los 546.005 viajeros del mercado dom\u00e9stico (+0,5%). La tendencia al alza es clara, si tenemos en cuenta que el 2020 fueron 368.208; el 2021, 493.032 (+33,9%), y 543.149 el 2022 (+10,2<strong>%<\/strong>).<strong> El incremento del turismo de proximidad se atribuye sobre todo al turismo sostenible, una modalidad que la Diputaci\u00f3n de Barcelona trabaja desde hace tiempo <\/strong>y de la cual los visitantes gozan plenamente.<\/p>\n<p>Destacamos los siguientes datos:<\/p>\n<ul>\n<li>Estancia media: 3,7 noches (-2,3%).<\/li>\n<li>Precio medio de comercializaci\u00f3n: 110,20 \u20ac (+2,4%) en hoteles; 32,8 \u20ac (+10,3%) en campings; y 94,50 \u20ac (-0,5%) en los alojamientos de turismo rural.\u2022 Gasto medio por turista: 607,1 \u20ac (-13,8%).<\/li>\n<li>Motivo del viaje: ocio (69,2%); personal y otros (18,7%); profesional (12,1%).<\/li>\n<li>Actividades realizadas: gastronom\u00eda (77,0%); compras (48,9%); actividades al aire libre (39,0%); playa (38,4%); visitas culturales (36,9%).<\/li>\n<li>Medio de transporte para llegar al destino: veh\u00edculo propio (58,1%); avi\u00f3n (30,1%); tren (6,3%).<\/li>\n<li>Acompa\u00f1antes: pareja (57,4%); hijos menores (28,6%); solo (14,3%); otros familiares adultos (13,5%).<\/li>\n<li>Valoraci\u00f3n global: 8\/10.<\/li>\n<li>En cuanto a la valoraci\u00f3n del sector, el 50% de les destinos del Entorno de Barcelona considera que la temporada de verano ha sido m\u00e1s positiva que la del 2022 y el 75% considera que la temporada ha sido igual o mejor de lo que esperaban.<\/li>\n<li>El sector cree que los factores que han afectado negativamente son la falta de personal, la sequ\u00eda y la subida global de precios.<\/li>\n<\/ul>\n<p><img class=\"alignright size-full wp-image-23622\" src=\"https:\/\/www.comunicatur.info\/wp-content\/uploads\/2023\/10\/VIATGERS-I-PERNOCTACIONS_Octubre23.png\" alt=\"\" width=\"845\" height=\"411\" srcset=\"https:\/\/www.comunicatur.info\/wp-content\/uploads\/2023\/10\/VIATGERS-I-PERNOCTACIONS_Octubre23.png 845w, https:\/\/www.comunicatur.info\/wp-content\/uploads\/2023\/10\/VIATGERS-I-PERNOCTACIONS_Octubre23-300x146.png 300w, https:\/\/www.comunicatur.info\/wp-content\/uploads\/2023\/10\/VIATGERS-I-PERNOCTACIONS_Octubre23-768x374.png 768w, https:\/\/www.comunicatur.info\/wp-content\/uploads\/2023\/10\/VIATGERS-I-PERNOCTACIONS_Octubre23-600x292.png 600w\" sizes=\"(max-width: 845px) 100vw, 845px\" \/><\/p>\n<p>El Informe est\u00e1 dividido en 8 contenidos diferentes:<br \/>\n&#8211; Contexto y resumen de resultados.<br \/>\n&#8211; Oferta abierta.<br \/>\n&#8211; Principales resultados de la actividad en el alojamiento (hoteles, campings y turismo rural).<br \/>\n&#8211; Procedencia del turista.<br \/>\n&#8211; Resultados encuesta cualitativa balance de temporada.<br \/>\n&#8211; Precio medio de comercializaci\u00f3n.<br \/>\n&#8211; Perfil del turista.<br \/>\n&#8211; Mercado laboral tur\u00edstico.<\/p>\n<p>Encontrar\u00e9is los datos m\u00e1s desarrollados por comarcas en el \u201cBalance Verano 2023\u201d del LAB TURISMO de la Diputaci\u00f3n de Barcelona <a href=\"https:\/\/www.diba.cat\/documents\/74348\/389433275\/Informe+activitat+tur%C3%ADstica+Entorn+Barcelona+-Balan%C3%A7+estiu+2023.pdf\/371f4d20-f75f-24d5-6b71-b36b7c42e3c8?t=1697011322653\" target=\"_blank\" rel=\"noopener\"><strong>AQU\u00cd.<\/strong><\/a><\/p>\n<p style=\"text-align: right;\"><em>En colaboraci\u00f3n con la Diputaci\u00f3n de Barcelona<\/em><\/p>\n","protected":false},"excerpt":{"rendered":"<p>El LAB TURISME de la Diputaci\u00f3n de Barcelona ha dado a conocer el Informe de Balance de la actividad tur\u00edstica en el verano 2023 en el Entorno de Barcelona. A nivel general destaca que 1,28 millones de personas (+7,1%) visitaron las comarcas de la provincia de Barcelona (exceptuando el Barcelon\u00e8s). Tambi\u00e9n se ha detectado un &hellip;<\/p>\n","protected":false},"author":408,"featured_media":23618,"comment_status":"closed","ping_status":"open","sticky":false,"template":"","format":"standard","meta":[],"categories":[62,64],"tags":[],"_links":{"self":[{"href":"https:\/\/www.comunicatur.info\/es\/wp-json\/wp\/v2\/posts\/23625"}],"collection":[{"href":"https:\/\/www.comunicatur.info\/es\/wp-json\/wp\/v2\/posts"}],"about":[{"href":"https:\/\/www.comunicatur.info\/es\/wp-json\/wp\/v2\/types\/post"}],"author":[{"embeddable":true,"href":"https:\/\/www.comunicatur.info\/es\/wp-json\/wp\/v2\/users\/408"}],"replies":[{"embeddable":true,"href":"https:\/\/www.comunicatur.info\/es\/wp-json\/wp\/v2\/comments?post=23625"}],"version-history":[{"count":4,"href":"https:\/\/www.comunicatur.info\/es\/wp-json\/wp\/v2\/posts\/23625\/revisions"}],"predecessor-version":[{"id":23629,"href":"https:\/\/www.comunicatur.info\/es\/wp-json\/wp\/v2\/posts\/23625\/revisions\/23629"}],"wp:featuredmedia":[{"embeddable":true,"href":"https:\/\/www.comunicatur.info\/es\/wp-json\/wp\/v2\/media\/23618"}],"wp:attachment":[{"href":"https:\/\/www.comunicatur.info\/es\/wp-json\/wp\/v2\/media?parent=23625"}],"wp:term":[{"taxonomy":"category","embeddable":true,"href":"https:\/\/www.comunicatur.info\/es\/wp-json\/wp\/v2\/categories?post=23625"},{"taxonomy":"post_tag","embeddable":true,"href":"https:\/\/www.comunicatur.info\/es\/wp-json\/wp\/v2\/tags?post=23625"}],"curies":[{"name":"wp","href":"https:\/\/api.w.org\/{rel}","templated":true}]}}