{"id":23587,"date":"2023-10-18T00:00:56","date_gmt":"2023-10-17T22:00:56","guid":{"rendered":"https:\/\/www.comunicatur.info\/?p=23587"},"modified":"2023-10-17T20:49:23","modified_gmt":"2023-10-17T18:49:23","slug":"promocion-del-turismo-de-golf-de-la-provincia-de-barcelona-en-la-golf-travel-market-de-lisboa","status":"publish","type":"post","link":"https:\/\/www.comunicatur.info\/es\/promocion-del-turismo-de-golf-de-la-provincia-de-barcelona-en-la-golf-travel-market-de-lisboa\/","title":{"rendered":"Promoci\u00f3n del turismo de golf de la provincia de Barcelona en la Golf Travel Market de Lisboa"},"content":{"rendered":"<p>La feria <a href=\"https:\/\/www.igtmarket.com\/en-gb.html\" target=\"_blank\" rel=\"noopener\"><strong>International Golf Travel Market<\/strong><\/a> (IGTM) es la reuni\u00f3n profesional m\u00e1s importante de la industria del turismo de golf. Organizada por Reed Exhibitions y con formato itinerante, este a\u00f1o se est\u00e1 celebrando en Lisboa, entre el 16 y el 19 de octubre, tras el \u00e9xito de la edici\u00f3n del a\u00f1o pasado que se celebr\u00f3 en Roma.<\/p>\n<figure id=\"attachment_23581\" aria-describedby=\"caption-attachment-23581\" style=\"width: 300px\" class=\"wp-caption alignright\"><img class=\"size-medium wp-image-23581\" src=\"https:\/\/www.comunicatur.info\/wp-content\/uploads\/2023\/10\/Golf-Llavaneras_-MARESME-Sergi-Moriana-2-300x200.jpg\" alt=\"\" width=\"300\" height=\"200\" srcset=\"https:\/\/www.comunicatur.info\/wp-content\/uploads\/2023\/10\/Golf-Llavaneras_-MARESME-Sergi-Moriana-2-300x200.jpg 300w, https:\/\/www.comunicatur.info\/wp-content\/uploads\/2023\/10\/Golf-Llavaneras_-MARESME-Sergi-Moriana-2-1024x683.jpg 1024w, https:\/\/www.comunicatur.info\/wp-content\/uploads\/2023\/10\/Golf-Llavaneras_-MARESME-Sergi-Moriana-2-768x512.jpg 768w, https:\/\/www.comunicatur.info\/wp-content\/uploads\/2023\/10\/Golf-Llavaneras_-MARESME-Sergi-Moriana-2-600x400.jpg 600w, https:\/\/www.comunicatur.info\/wp-content\/uploads\/2023\/10\/Golf-Llavaneras_-MARESME-Sergi-Moriana-2-1536x1024.jpg 1536w, https:\/\/www.comunicatur.info\/wp-content\/uploads\/2023\/10\/Golf-Llavaneras_-MARESME-Sergi-Moriana-2-2048x1365.jpg 2048w\" sizes=\"(max-width: 300px) 100vw, 300px\" \/><figcaption id=\"caption-attachment-23581\" class=\"wp-caption-text\">Club de Golf Llavaneras. Foto: Sergi Moriana \/ Diputaci\u00f3 de Barcelona.<\/figcaption><\/figure>\n<p><strong>Turismo de la Diputaci\u00f3n de Barcelona<\/strong> participa en este evento en el estand de la <a href=\"https:\/\/act.gencat.cat\/?lang=es\" target=\"_blank\" rel=\"noopener\"><strong>Agencia Catalana de Turismo<\/strong><\/a> y siguiendo el plan de acciones conjunto que mantiene con la <a href=\"https:\/\/barcelonagolfdestination.com\/\" target=\"_blank\" rel=\"noopener\"><strong>Asociaci\u00f3n de Clubes y Campos de Golf de la Provincia de Barcelona.<\/strong><\/a> Esta asociaci\u00f3n cuenta con seis clubs: <a href=\"https:\/\/www.realclubdegolfelprat.com\/\" target=\"_blank\" rel=\"noopener\"><strong>Real Club de Golf el Prat<\/strong><\/a><strong>\u00a0<\/strong>(Baix Llobregat); <a href=\"https:\/\/golfterramar.com\/\" target=\"_blank\" rel=\"noopener\"><strong>Club de Golf Terramar<\/strong><\/a>\u00a0(Garraf); <a href=\"https:\/\/golfllavaneras.com\/\" target=\"_blank\" rel=\"noopener\"><strong>Club de Golf Llavaneras<\/strong><\/a>\u00a0(Maresme); <a href=\"https:\/\/www.clubdegolfvallromanes.com\/\" target=\"_blank\" rel=\"noopener\"><strong>Club de Golf Vallromanes<\/strong><\/a>\u00a0(Vall\u00e8s Oriental); <a href=\"https:\/\/golfbarcelona.com\/\" target=\"_blank\" rel=\"noopener\"><strong>Club de Golf Barcelona<\/strong><\/a>\u00a0(Anoia) y <a href=\"https:\/\/golfmontanya.com\/es.html\" target=\"_blank\" rel=\"noopener\"><strong>Golf Montany\u00e0<\/strong><\/a><strong>\u00a0<\/strong>(Osona).<\/p>\n<p>Si a\u00f1adimos <a href=\"https:\/\/www.golflaroca.com\/\" target=\"_blank\" rel=\"noopener\"><strong>Golf La Roca<\/strong><\/a>\u00a0(Vall\u00e8s Oriental) y\u00a0<a href=\"https:\/\/golfsantcugat.com\/el-club\/presentacion\/\" target=\"_blank\" rel=\"noopener\"><strong>Club de Golf Sant Cugat<\/strong><\/a><strong>\u00a0<\/strong>(Vall\u00e8s Occidental), tenemos el total de ocho campos de la provincia de Barcelona que estar\u00e1n representados en la IGTM de este a\u00f1o.<\/p>\n<p>El objetivo de Turismo de la Diputaci\u00f3n es promocionar el Destino Barcelona como una excelente zona para los amantes del golf y tambi\u00e9n <strong>generar oportunidades de negocio para las empresas del sector y otros servicios complementarios que ligan perfectamente con el turismo de golf, como el enoturismo o el turismo gastron\u00f3mico.<\/strong> Por eso, la Diputaci\u00f3n de Barcelona mantiene durante los d\u00edas de la feria medio centenar de reuniones con los profesionales del sector.<\/p>\n<p style=\"text-align: right;\"><em>En colaboraci\u00f3n con la Diputaci\u00f3n de Barcelona<\/em><\/p>\n","protected":false},"excerpt":{"rendered":"<p>La feria International Golf Travel Market (IGTM) es la reuni\u00f3n profesional m\u00e1s importante de la industria del turismo de golf. Organizada por Reed Exhibitions y con formato itinerante, este a\u00f1o se est\u00e1 celebrando en Lisboa, entre el 16 y el 19 de octubre, tras el \u00e9xito de la edici\u00f3n del a\u00f1o pasado que se celebr\u00f3 &hellip;<\/p>\n","protected":false},"author":408,"featured_media":23583,"comment_status":"closed","ping_status":"open","sticky":false,"template":"","format":"standard","meta":[],"categories":[63],"tags":[],"_links":{"self":[{"href":"https:\/\/www.comunicatur.info\/es\/wp-json\/wp\/v2\/posts\/23587"}],"collection":[{"href":"https:\/\/www.comunicatur.info\/es\/wp-json\/wp\/v2\/posts"}],"about":[{"href":"https:\/\/www.comunicatur.info\/es\/wp-json\/wp\/v2\/types\/post"}],"author":[{"embeddable":true,"href":"https:\/\/www.comunicatur.info\/es\/wp-json\/wp\/v2\/users\/408"}],"replies":[{"embeddable":true,"href":"https:\/\/www.comunicatur.info\/es\/wp-json\/wp\/v2\/comments?post=23587"}],"version-history":[{"count":1,"href":"https:\/\/www.comunicatur.info\/es\/wp-json\/wp\/v2\/posts\/23587\/revisions"}],"predecessor-version":[{"id":23588,"href":"https:\/\/www.comunicatur.info\/es\/wp-json\/wp\/v2\/posts\/23587\/revisions\/23588"}],"wp:featuredmedia":[{"embeddable":true,"href":"https:\/\/www.comunicatur.info\/es\/wp-json\/wp\/v2\/media\/23583"}],"wp:attachment":[{"href":"https:\/\/www.comunicatur.info\/es\/wp-json\/wp\/v2\/media?parent=23587"}],"wp:term":[{"taxonomy":"category","embeddable":true,"href":"https:\/\/www.comunicatur.info\/es\/wp-json\/wp\/v2\/categories?post=23587"},{"taxonomy":"post_tag","embeddable":true,"href":"https:\/\/www.comunicatur.info\/es\/wp-json\/wp\/v2\/tags?post=23587"}],"curies":[{"name":"wp","href":"https:\/\/api.w.org\/{rel}","templated":true}]}}