{"id":23553,"date":"2023-10-16T00:00:21","date_gmt":"2023-10-15T22:00:21","guid":{"rendered":"https:\/\/www.comunicatur.info\/?p=23553"},"modified":"2023-10-14T20:11:08","modified_gmt":"2023-10-14T18:11:08","slug":"20m-de-pernoctaciones-en-los-campings-catalanes-al-cierre-del-ano","status":"publish","type":"post","link":"https:\/\/www.comunicatur.info\/es\/20m-de-pernoctaciones-en-los-campings-catalanes-al-cierre-del-ano\/","title":{"rendered":"20M de pernoctaciones en los campings catalanes al cierre del a\u00f1o"},"content":{"rendered":"<p>La Federaci\u00f3n Catalana de Campings (FCC) calcula que cerrar\u00e1n este a\u00f1o con <strong>1,5 millones m\u00e1s de pernoctaciones<\/strong>, se aproximar\u00e1n a los <strong>20 millones frente a los 18,6 millones del a\u00f1o pasado<\/strong>.<\/p>\n<p>El sector ha destacado, en el Sal\u00f3n del Caravaning, que los resultados de verano han sido buenos y explican que han conseguido alargar los registros de ocupaci\u00f3n en niveles importantes durante los meses de mayo, junio y septiembre, lo cual les permite hablar de desestacionalizaci\u00f3n. Un ejemplo ha sido el incremento de ocupaci\u00f3n del 18% del mes de mayo en relaci\u00f3n al mismo per\u00edodo de 2022 y como en septiembre las <strong>ocupaciones en algunos campings han llegado al 80%.<\/strong><\/p>\n<p>Desde la pandemia el sector est\u00e1 experimentando un incremento constante de demanda. Las temperaturas agradables de la primavera y el oto\u00f1o han contribuido tambi\u00e9n a conseguir estos buenos registros. Con todo, los campings de Catalu\u00f1a esperan cerrar todo el a\u00f1o 2023 con <strong>m\u00e1s de 3,5 millones de visitantes<\/strong>, cifras superiores al 2022.<\/p>\n<h4>Primer congreso del sector en el camping Vilanova Park<\/h4>\n<p>La FCC tambi\u00e9n ha anunciado que el pr\u00f3ximo a\u00f1o, con motivo de su 40 aniversario como asociaci\u00f3n, se celebrar\u00e1 el <strong>primer congreso del sector catal\u00e1n, los d\u00edas 24, 25 y 26 de abril de 2024<\/strong> en el camping Vilanova Park (Vilanova y la Geltr\u00fa). La Federaci\u00f3n Catalana de Campings representa el 70% de los campings de Catalu\u00f1a con 249 establecimientos federados que suman 226.858 plazas y crean <strong>11.164 puestos de trabajo<\/strong>, seg\u00fan explica la propia organizaci\u00f3n.<\/p>\n","protected":false},"excerpt":{"rendered":"<p>La Federaci\u00f3n Catalana de Campings (FCC) calcula que cerrar\u00e1n este a\u00f1o con 1,5 millones m\u00e1s de pernoctaciones, se aproximar\u00e1n a los 20 millones frente a los 18,6 millones del a\u00f1o pasado. El sector ha destacado, en el Sal\u00f3n del Caravaning, que los resultados de verano han sido buenos y explican que han conseguido alargar los &hellip;<\/p>\n","protected":false},"author":408,"featured_media":19299,"comment_status":"closed","ping_status":"open","sticky":false,"template":"","format":"standard","meta":[],"categories":[59,74],"tags":[],"_links":{"self":[{"href":"https:\/\/www.comunicatur.info\/es\/wp-json\/wp\/v2\/posts\/23553"}],"collection":[{"href":"https:\/\/www.comunicatur.info\/es\/wp-json\/wp\/v2\/posts"}],"about":[{"href":"https:\/\/www.comunicatur.info\/es\/wp-json\/wp\/v2\/types\/post"}],"author":[{"embeddable":true,"href":"https:\/\/www.comunicatur.info\/es\/wp-json\/wp\/v2\/users\/408"}],"replies":[{"embeddable":true,"href":"https:\/\/www.comunicatur.info\/es\/wp-json\/wp\/v2\/comments?post=23553"}],"version-history":[{"count":3,"href":"https:\/\/www.comunicatur.info\/es\/wp-json\/wp\/v2\/posts\/23553\/revisions"}],"predecessor-version":[{"id":23556,"href":"https:\/\/www.comunicatur.info\/es\/wp-json\/wp\/v2\/posts\/23553\/revisions\/23556"}],"wp:featuredmedia":[{"embeddable":true,"href":"https:\/\/www.comunicatur.info\/es\/wp-json\/wp\/v2\/media\/19299"}],"wp:attachment":[{"href":"https:\/\/www.comunicatur.info\/es\/wp-json\/wp\/v2\/media?parent=23553"}],"wp:term":[{"taxonomy":"category","embeddable":true,"href":"https:\/\/www.comunicatur.info\/es\/wp-json\/wp\/v2\/categories?post=23553"},{"taxonomy":"post_tag","embeddable":true,"href":"https:\/\/www.comunicatur.info\/es\/wp-json\/wp\/v2\/tags?post=23553"}],"curies":[{"name":"wp","href":"https:\/\/api.w.org\/{rel}","templated":true}]}}