{"id":23499,"date":"2023-10-09T00:00:34","date_gmt":"2023-10-08T22:00:34","guid":{"rendered":"https:\/\/www.comunicatur.info\/?p=23499"},"modified":"2023-10-08T13:31:50","modified_gmt":"2023-10-08T11:31:50","slug":"premiado-un-film-del-patronato-de-turismo-de-la-diputacion-de-tarragona","status":"publish","type":"post","link":"https:\/\/www.comunicatur.info\/es\/premiado-un-film-del-patronato-de-turismo-de-la-diputacion-de-tarragona\/","title":{"rendered":"Premiado un film del Patronato de Turismo de la Diputaci\u00f3n de Tarragona"},"content":{"rendered":"<p>El sector tur\u00edstico de la Costa Daurada y de les Terres de l\u2019Ebre ha realizado un par de eventos que, adem\u00e1s de reunir a la mayor\u00eda de los responsables tur\u00edsticos que han aprovechado para celebrar la recuperaci\u00f3n, han servido tambi\u00e9n para reconocer a diferentes profesionales y asociaciones de la provincia. De este modo <strong>se pone en valor el trabajo hecho, las trayectorias a lo largo de los a\u00f1os para luchar por una calidad tur\u00edstica y el esfuerzo para innovar en diferentes productos y establecimientos.<br \/>\n<\/strong>Al mismo tiempo, el Patronato de Turismo de la Diputaci\u00f3n de Tarragona ha sido premiado por un v\u00eddeo que promociona mediante un bonito encuentro intergeneracional familiar la gastronom\u00eda de la Costa Daurada.<\/p>\n<p>El <a href=\"https:\/\/terresfestival.com\/\" target=\"_blank\" rel=\"noopener\"><strong>Terres Travel Festival<\/strong><\/a> <strong>es un certamen de cine de turismo y viajes <\/strong>que este a\u00f1o ha llegado a la s\u00e9ptima edici\u00f3n. Tiene lugar en Tortosa y re\u00fane producciones que incentivan la magia del viaje \u2014especialmente el descubrimiento de entornos naturales\u2014 y que promuevan el desarrollo sostenible. El festival ha premiado el film <strong><em>Platos que revelan los secretos del mar. De la Costa Daurada a la mesa<\/em><\/strong>. El premio corresponde a la categor\u00eda de Comunicaci\u00f3n Tur\u00edstica \u2013 Productos Tur\u00edsticos \u2013 Experiencias aut\u00e9nticas vinculadas al territorio.<br \/>\nEl premio lo recogi\u00f3 el vicepresidente del Patronato de Turismo de la Diputaci\u00f3n, <strong>Eduard Rovira, <\/strong>que destac\u00f3 que el trabajo muestra <strong><em>\u201cuna cocina que bebe del legado ancestral de nuestros marineros, una cocina que ha pasado de generaci\u00f3n en generaci\u00f3n y que a la vez ha sabido reinventarse y que se reinterpreta para ofrecer tambi\u00e9n, con nuevas expresiones culinarias, lo mejor de nuestro Mediterr\u00e1neo en la mesa\u201d.<\/em><\/strong><\/p>\n<p>La producci\u00f3n se enmarca en la estrategia de promoci\u00f3n y comunicaci\u00f3n de la enogastronom\u00eda del destino. Hay que recordar que ya hace unos a\u00f1os que el Patronato apuesta firmemente por este segmento<strong>. As\u00ed,<\/strong> <strong>en el a\u00f1o 2020, cre\u00f3 el <\/strong><a href=\"https:\/\/costadaurada.info\/sites\/default\/files\/mapa_costa_daurada_esp_web.pdf\" target=\"_blank\" rel=\"noopener\"><strong>primer mapa enogastron\u00f3mico de la Costa Daurada<\/strong><\/a>, al cual siguieron diferentes acciones de promoci\u00f3n y comunicaci\u00f3n de este activo tur\u00edstico de primer orden.<br \/>\n<strong><br \/>\n<\/strong><a href=\"https:\/\/youtu.be\/0ZjdwGPiGW0?feature=shared\" target=\"_blank\" rel=\"noopener\"><strong>Quiero ver el v\u00eddeo<\/strong><\/a><br \/>\n<iframe title=\"YouTube video player\" src=\"https:\/\/www.youtube.com\/embed\/JtI1Kw-4JAc?si=z1KlcJwmVzX63LM7\" width=\"560\" height=\"315\" frameborder=\"0\" allowfullscreen=\"allowfullscreen\"><\/iframe><br \/>\n<strong>\u00a0<\/strong><\/p>\n<h3>2\u00aa Nit de les Estrelles de la FEHT<\/h3>\n<p>La <strong>Federaci\u00f3n Empresarial de Hosteler\u00eda y Turismo de la provincia de Tarragona<\/strong> celebr\u00f3 la segunda edici\u00f3n de la Nit de les Estrelles en PortAventura Convention Centre. Este evento <strong>premia las iniciativas tur\u00edsticas que han ayudado a dinamizar la Costa Daurada y las Terres de l\u2019Ebre.<br \/>\n<\/strong><\/p>\n<figure id=\"attachment_23489\" aria-describedby=\"caption-attachment-23489\" style=\"width: 300px\" class=\"wp-caption alignright\"><img class=\"size-medium wp-image-23489\" src=\"https:\/\/www.comunicatur.info\/wp-content\/uploads\/2023\/10\/FEHT-PREMIATS-2NIT-ESTRELLES-1024x764-1-300x224.jpg\" alt=\"\" width=\"300\" height=\"224\" srcset=\"https:\/\/www.comunicatur.info\/wp-content\/uploads\/2023\/10\/FEHT-PREMIATS-2NIT-ESTRELLES-1024x764-1-300x224.jpg 300w, https:\/\/www.comunicatur.info\/wp-content\/uploads\/2023\/10\/FEHT-PREMIATS-2NIT-ESTRELLES-1024x764-1-768x573.jpg 768w, https:\/\/www.comunicatur.info\/wp-content\/uploads\/2023\/10\/FEHT-PREMIATS-2NIT-ESTRELLES-1024x764-1-600x448.jpg 600w, https:\/\/www.comunicatur.info\/wp-content\/uploads\/2023\/10\/FEHT-PREMIATS-2NIT-ESTRELLES-1024x764-1.jpg 1024w\" sizes=\"(max-width: 300px) 100vw, 300px\" \/><figcaption id=\"caption-attachment-23489\" class=\"wp-caption-text\">Foto de los premiatos en la Nit de les Estrelles.<br \/>\u00a9FEHT<\/figcaption><\/figure>\n<p>Fue un acto de reconocimiento, pero tambi\u00e9n de encuentro, puesto que asistieron m\u00e1s de 320 empresarios y profesionales del sector tur\u00edstico de la demarcaci\u00f3n y varias personalidades, como por ejemplo <strong>\u00c0ngel Xifre<\/strong>, delegado territorial del Govern de la Generalitat a Tarragona; <strong>Noem\u00ed Llaurad\u00f3<\/strong>, presidenta de la Diputaci\u00f3n de Tarragona; <strong>Santiago Garc\u00eda-Nieto<\/strong>, presidente de la Confederaci\u00f3n Empresarial de Hosteler\u00eda y Restauraci\u00f3n de Catalu\u00f1a; <strong>Berta Cabr\u00e9<\/strong>, presidenta de la FEHT, as\u00ed como numerosos alcaldes y concejales de ayuntamientos de la Costa Daurada y las Terres de l\u2019Ebre.<\/p>\n<p>En los parlamentos se hizo \u00e9nfasis sobre las dificultades por las que ha pasado el sector y que ya se consideran superadas, por lo cual se ve con esperanza el futuro. Por eso <strong>se anim\u00f3 a todos los asistentes a seguir invirtiendo para mejorar la calidad del destino. <\/strong>Tambi\u00e9n se reivindic\u00f3 que hay que conseguir que el complejo de ocio Hard Rock acabe siendo una realidad.<\/p>\n<p><strong>Se entregaron un total de diez premios<\/strong>, dos de la Asociaci\u00f3n Hotelera Costa Daurada y Terres de l\u2019Ebre, dos de la Asociaci\u00f3n de Campings de la Costa Daurada y Terres de l\u2019Ebre, dos de la Asociaci\u00f3n de Apartamentos de la Costa Daurada y Terres de l\u2019Ebre, dos de la Asociaci\u00f3n de Agencias de Viajes Receptivas de la Costa Daurada y dos m\u00e1s de la FEHT.<\/p>\n<p>Pod\u00e9is ver todos los premiados en el <a href=\"https:\/\/feht-turisme.org\/la-2a-nit-de-les-estrelles-de-la-feht-premia-10-entitats-i-personalitats-que-impulsen-el-turisme\/\" target=\"_blank\" rel=\"noopener\"><strong>web de la FEHT.<\/strong><\/a><\/p>\n<h3>Cena del 46\u00ba aniversario de la AEHT<\/h3>\n<figure id=\"attachment_23493\" aria-describedby=\"caption-attachment-23493\" style=\"width: 300px\" class=\"wp-caption alignright\"><img class=\"size-medium wp-image-23493\" src=\"https:\/\/www.comunicatur.info\/wp-content\/uploads\/2023\/10\/AEHT-Premiats-300x237.png\" alt=\"\" width=\"300\" height=\"237\" srcset=\"https:\/\/www.comunicatur.info\/wp-content\/uploads\/2023\/10\/AEHT-Premiats-300x237.png 300w, https:\/\/www.comunicatur.info\/wp-content\/uploads\/2023\/10\/AEHT-Premiats-1024x811.png 1024w, https:\/\/www.comunicatur.info\/wp-content\/uploads\/2023\/10\/AEHT-Premiats-768x608.png 768w, https:\/\/www.comunicatur.info\/wp-content\/uploads\/2023\/10\/AEHT-Premiats-600x475.png 600w, https:\/\/www.comunicatur.info\/wp-content\/uploads\/2023\/10\/AEHT-Premiats.png 1075w\" sizes=\"(max-width: 300px) 100vw, 300px\" \/><figcaption id=\"caption-attachment-23493\" class=\"wp-caption-text\">Foto de los premiados en la cena de la AEHT.<br \/>\u00a9AEHT<\/figcaption><\/figure>\n<p>Por su parte<strong>, la Federaci\u00f3n de Asociaciones de Empresarios de Hosteler\u00eda de la provincia de Tarragona<\/strong> celebr\u00f3 su cena anual en el Mas La Boella, en Tarragona. Asistieron 350 personas entre socios, trabajadores, colaboradores, <em>partners<\/em> e instituciones. Entre las personalidades asistentes destacaron el subdelegado del Gobierno de Espa\u00f1a, el delegado del Govern de la Generalitat de Catalunya, la presidenta de la Diputaci\u00f3n de Tarragona, el presidente del Puerto, los presidentes de las cuatro C\u00e1maras de Comercio y los alcaldes y alcaldesas de Valls, Salou, Reus, Vila-seca, Cambrils y El Vendrell.<br \/>\nEn los parlamentos se destac\u00f3 la importancia de poner de relieve <strong>\u201cla otra Costa Daurada\u201d, la que engloba todo el territorio, desestacionaliza y genera puestos de trabajo todos los d\u00edas del a\u00f1o.<\/strong><\/p>\n<p>La cena tambi\u00e9n sirvi\u00f3 para <strong>otorgar los premios anuales a los mejores hoteles de la provincia de Tarragona. Se trata de unos nuevos premios que la AEHT ha creado juntamente con Booking,<\/strong> la conocida empresa de reservas de alojamiento.<br \/>\nEl primer premio fue para el <a href=\"https:\/\/www.h10hotels.com\/ca\/hotels-tarragona\/h10-imperial-tarraco?tc_alt=32407&amp;n_okw=hotel%20imperial%20tarraco_p_none_c_104201109592&amp;tc_alt=32407&amp;n_o_pst=n_o_pst&amp;gclid=CjwKCAjwyNSoBhA9EiwA5aYlby9HcrP09amhxmqTpY2nUd4JahqIstOInbhZ2tPbNHogDcfpUwJdrhoCOlgQAvD_BwE\" target=\"_blank\" rel=\"noopener\"><strong>Hotel H10 Imperial Tarraco<\/strong><\/a>; el segundo fue para el <a href=\"https:\/\/www.tancatdecodorniu.com\/\" target=\"_blank\" rel=\"noopener\"><strong>Hotel Tancat de Codorniu<\/strong><\/a> y el tercero se otorg\u00f3 al<a href=\"https:\/\/www.casaceremines.cat\/es\/index.php\" target=\"_blank\" rel=\"noopener\"><strong> Hotel Casa Ceremines<\/strong><\/a><strong>.<br \/>\n<\/strong>Tambi\u00e9n se homenaje\u00f3 a los asociados con m\u00e1s de 25 a\u00f1os en la entidad.<\/p>\n<p>Ten\u00e9is m\u00e1s informaci\u00f3n en la <a href=\"https:\/\/aeht.es\/soparanual2023\/\" target=\"_blank\" rel=\"noopener\"><strong>web de l\u2019AEHT.<\/strong><\/a><\/p>\n","protected":false},"excerpt":{"rendered":"<p>El sector tur\u00edstico de la Costa Daurada y de les Terres de l\u2019Ebre ha realizado un par de eventos que, adem\u00e1s de reunir a la mayor\u00eda de los responsables tur\u00edsticos que han aprovechado para celebrar la recuperaci\u00f3n, han servido tambi\u00e9n para reconocer a diferentes profesionales y asociaciones de la provincia. De este modo se pone &hellip;<\/p>\n","protected":false},"author":408,"featured_media":23487,"comment_status":"closed","ping_status":"open","sticky":false,"template":"","format":"standard","meta":[],"categories":[62],"tags":[],"_links":{"self":[{"href":"https:\/\/www.comunicatur.info\/es\/wp-json\/wp\/v2\/posts\/23499"}],"collection":[{"href":"https:\/\/www.comunicatur.info\/es\/wp-json\/wp\/v2\/posts"}],"about":[{"href":"https:\/\/www.comunicatur.info\/es\/wp-json\/wp\/v2\/types\/post"}],"author":[{"embeddable":true,"href":"https:\/\/www.comunicatur.info\/es\/wp-json\/wp\/v2\/users\/408"}],"replies":[{"embeddable":true,"href":"https:\/\/www.comunicatur.info\/es\/wp-json\/wp\/v2\/comments?post=23499"}],"version-history":[{"count":4,"href":"https:\/\/www.comunicatur.info\/es\/wp-json\/wp\/v2\/posts\/23499\/revisions"}],"predecessor-version":[{"id":23503,"href":"https:\/\/www.comunicatur.info\/es\/wp-json\/wp\/v2\/posts\/23499\/revisions\/23503"}],"wp:featuredmedia":[{"embeddable":true,"href":"https:\/\/www.comunicatur.info\/es\/wp-json\/wp\/v2\/media\/23487"}],"wp:attachment":[{"href":"https:\/\/www.comunicatur.info\/es\/wp-json\/wp\/v2\/media?parent=23499"}],"wp:term":[{"taxonomy":"category","embeddable":true,"href":"https:\/\/www.comunicatur.info\/es\/wp-json\/wp\/v2\/categories?post=23499"},{"taxonomy":"post_tag","embeddable":true,"href":"https:\/\/www.comunicatur.info\/es\/wp-json\/wp\/v2\/tags?post=23499"}],"curies":[{"name":"wp","href":"https:\/\/api.w.org\/{rel}","templated":true}]}}