{"id":2348,"date":"2010-05-29T19:32:00","date_gmt":"2010-05-29T19:32:00","guid":{"rendered":"https:\/\/comunicatur.info\/lacc-publicara-el-nom-de-les-empreses-sancionades-2\/"},"modified":"2010-05-29T19:32:00","modified_gmt":"2010-05-29T19:32:00","slug":"lacc-publicara-el-nom-de-les-empreses-sancionades-2","status":"publish","type":"post","link":"https:\/\/www.comunicatur.info\/es\/lacc-publicara-el-nom-de-les-empreses-sancionades-2\/","title":{"rendered":"La ACC publicar\u00e1 el nombre de las empresas sancionadas"},"content":{"rendered":"<p>El director de la Agencia Catalana del Consumo (ACC), Jordi Anguera, explica algunos de los derechos y deberes de empreses tur\u00edsticas y consumidores en el Debate Comunicatur.info. <\/p>\n<p><img class=\"\" height=\"126\" alt=\"\" width=\"163\" src=\"https:\/\/www.comunicatur.info\/cms\/images\/stories\/fotos\/anguera.jpg\" \/><\/p>\n<p> La ACC controla las actividades vinculadas al sector: webs, agencias de viajes, hoteles, compa\u00f1\u00edas de transporte mar\u00edtimo y aerol\u00edneas, alquiler de veh\u00edculos&#8230; Accede a todos los programas del <em><u><a href=\"http:\/\/youtube.com\/comunicatur\" target=\"_blank\" rel=\"noopener\">Debate Comunicatur.info<\/a><\/u><\/em><\/p>\n<p><\/p>\n<p> Intervienen en el programa la periodista Carmen Ayala, el editor de Campireport, Agust\u00ed Valls y el director institucional de Comunicatur, Enric Domingo.<\/p>\n<p><strong>Parte 1 del Debate<\/strong><\/p>\n<p><object width=\"320\" height=\"265\"><param name=\"movie\" value=\"http:\/\/www.youtube.com\/v\/pZu5Asnz3L4&#038;hl=es_ES&#038;fs=1&#038;color1=0x234900&#038;color2=0x4e9e00\"><\/param><param name=\"allowFullScreen\" value=\"true\"><\/param><param name=\"allowscriptaccess\" value=\"always\"><\/param><embed src=\"http:\/\/www.youtube.com\/v\/pZu5Asnz3L4&#038;hl=es_ES&#038;fs=1&#038;color1=0x234900&#038;color2=0x4e9e00\" type=\"application\/x-shockwave-flash\" allowscriptaccess=\"always\" allowfullscreen=\"true\" width=\"320\" height=\"265\"><\/embed><\/object><\/p>\n<p><a href=\" http:\/\/www.youtube.com\/watch?v=pZu5Asnz3L4\">Mejor ancho de banda para este video<\/a><\/p>\n<p><strong>Parte 2 del Debate<\/strong><\/p>\n<p><object width=\"320\" height=\"265\"><param name=\"movie\" value=\"http:\/\/www.youtube.com\/v\/rQ6gQW_jwpY&#038;hl=es_ES&#038;fs=1&#038;color1=0x234900&#038;color2=0x4e9e00\"><\/param><param name=\"allowFullScreen\" value=\"true\"><\/param><param name=\"allowscriptaccess\" value=\"always\"><\/param><embed src=\"http:\/\/www.youtube.com\/v\/rQ6gQW_jwpY&#038;hl=es_ES&#038;fs=1&#038;color1=0x234900&#038;color2=0x4e9e00\" type=\"application\/x-shockwave-flash\" allowscriptaccess=\"always\" allowfullscreen=\"true\" width=\"320\" height=\"265\"><\/embed><\/object> <\/p>\n<p><a href=\" http:\/\/www.youtube.com\/watch?v=rQ6gQW_jwpY\">Mejor ancho de banda para este video<\/a><\/p>\n<p><strong>Parte 3 del Debate<\/strong><\/p>\n<p><object width=\"320\" height=\"265\"><param name=\"movie\" value=\"http:\/\/www.youtube.com\/v\/_VjLFIZs1xw&#038;hl=es_ES&#038;fs=1&#038;color1=0x234900&#038;color2=0x4e9e00\"><\/param><param name=\"allowFullScreen\" value=\"true\"><\/param><param name=\"allowscriptaccess\" value=\"always\"><\/param><embed src=\"http:\/\/www.youtube.com\/v\/_VjLFIZs1xw&#038;hl=es_ES&#038;fs=1&#038;color1=0x234900&#038;color2=0x4e9e00\" type=\"application\/x-shockwave-flash\" allowscriptaccess=\"always\" allowfullscreen=\"true\" width=\"320\" height=\"265\"><\/embed><\/object> <\/p>\n<p><a href=\" http:\/\/www.youtube.com\/watch?v=_VjLFIZs1xw\">Mejor ancho de banda para este video<\/a><\/p>\n","protected":false},"excerpt":{"rendered":"<p>El director de la Agencia Catalana del Consumo (ACC), Jordi Anguera, explica algunos de los derechos y deberes de empreses tur\u00edsticas y consumidores en el Debate Comunicatur.info. <\/p>\n<p><img class=\"\" height=\"126\" alt=\"\" width=\"163\" src=\"https:\/\/www.comunicatur.info\/cms\/images\/stories\/fotos\/anguera.jpg\" \/><\/p>\n<p> La ACC controla las actividades vinculadas al sector: webs, agencias de viajes, hoteles, compa\u00f1\u00edas de transporte mar\u00edtimo y aerol\u00edneas, alquiler de veh\u00edculos&#8230; Accede a todos los programas del <em><u><a href=\"http:\/\/youtube.com\/comunicatur\">Debate Comunicatur.info<\/a><\/u><\/em><\/p>\n","protected":false},"author":1,"featured_media":0,"comment_status":"close","ping_status":"open","sticky":false,"template":"","format":"standard","meta":[],"categories":[23],"tags":[],"_links":{"self":[{"href":"https:\/\/www.comunicatur.info\/es\/wp-json\/wp\/v2\/posts\/2348"}],"collection":[{"href":"https:\/\/www.comunicatur.info\/es\/wp-json\/wp\/v2\/posts"}],"about":[{"href":"https:\/\/www.comunicatur.info\/es\/wp-json\/wp\/v2\/types\/post"}],"author":[{"embeddable":true,"href":"https:\/\/www.comunicatur.info\/es\/wp-json\/wp\/v2\/users\/1"}],"replies":[{"embeddable":true,"href":"https:\/\/www.comunicatur.info\/es\/wp-json\/wp\/v2\/comments?post=2348"}],"version-history":[{"count":0,"href":"https:\/\/www.comunicatur.info\/es\/wp-json\/wp\/v2\/posts\/2348\/revisions"}],"wp:attachment":[{"href":"https:\/\/www.comunicatur.info\/es\/wp-json\/wp\/v2\/media?parent=2348"}],"wp:term":[{"taxonomy":"category","embeddable":true,"href":"https:\/\/www.comunicatur.info\/es\/wp-json\/wp\/v2\/categories?post=2348"},{"taxonomy":"post_tag","embeddable":true,"href":"https:\/\/www.comunicatur.info\/es\/wp-json\/wp\/v2\/tags?post=2348"}],"curies":[{"name":"wp","href":"https:\/\/api.w.org\/{rel}","templated":true}]}}