{"id":23433,"date":"2023-10-02T00:00:36","date_gmt":"2023-10-01T22:00:36","guid":{"rendered":"https:\/\/www.comunicatur.info\/?p=23433"},"modified":"2023-10-04T14:47:28","modified_gmt":"2023-10-04T12:47:28","slug":"la-diputacion-de-barcelona-celebra-los-10-anos-de-la-marca-costa-barcelona","status":"publish","type":"post","link":"https:\/\/www.comunicatur.info\/es\/la-diputacion-de-barcelona-celebra-los-10-anos-de-la-marca-costa-barcelona\/","title":{"rendered":"La Diputaci\u00f3n de Barcelona celebra los 10 a\u00f1os de la marca Costa Barcelona"},"content":{"rendered":"<p>El Castillo de Castelldefels ha sido el lugar escogido por la Diputaci\u00f3n de Barcelona para hacer un acto de celebraci\u00f3n del d\u00e9cimo aniversario de la marca tur\u00edstica Costa Barcelona. En estos diez a\u00f1os se ha ido consolidando como un referente tur\u00edstico del litoral catal\u00e1n, hasta el punto de que <strong>actualmente oferta 156.000 plazas de alojamiento, que en el a\u00f1o 2022 recibieron 11,6 millones de pernoctaciones.<\/strong> Esto supone un incremento del 17,95% respecto a los datos de hace diez a\u00f1os: tres puntos por encima del incremento de pernoctaciones del total de Catalu\u00f1a en el mismo periodo (14,67%).<\/p>\n<ul>\n<li>La marca Costa Barcelona <strong>agrupa seis comarcas<\/strong>: el Maresme, el Garraf, el Alt Pened\u00e8s, el Vall\u00e8s Oriental, el Vall\u00e8s Occidental y el Baix Llobregat.<\/li>\n<li>Cuenta con un total de <strong>268 empresas<\/strong>, servicios, destinos, etc. Todas ellas forman parte de la plataforma de marketing tur\u00edstico de la Diputaci\u00f3n de Barcelona \u2014el C\u00edrculo de Turismo\u2014, con la que ha participado en 55 ferias internacionales y en 200 viajes de<em> influencers<\/em>, entre otras acciones.<\/li>\n<\/ul>\n<p>El acto de celebraci\u00f3n estuvo presidido por la diputada de Turismo de la Diputaci\u00f3n de Barcelona, <strong>Abigail Garrido<\/strong>, junto con la presidenta del Consell Comarcal del Baix Llobregat, <strong>Eva Mart\u00ednez<\/strong>, y el concejal de Turismo del Ayuntamiento de Castelldefels, <strong>Guillermo Massana.<\/strong> Tambi\u00e9n asistieron m\u00e1s de un centenar de profesionales del sector.<\/p>\n<p>En los parlamentos, Abigail Garrido habl\u00f3 de presente y de futuro: <strong><em>\u00abUno de los retos de la marca es continuar haciendo valer su diversidad, su oferta m\u00e1s all\u00e1 del turismo de sol y playa tradicional y ser una alternativa fundamental para descongestionar la ciudad de Barcelona. No podemos quedarnos en estos 10 a\u00f1os. Tenemos que mirar hacia el futuro y desde la Diputaci\u00f3n y la marca Costa Barcelona tenemos que promover la sostenibilidad tur\u00edstica, la responsabilidad econ\u00f3mica y social y hemos de apostar por la calidad y por la convivencia entre los turistas y los residentes, y evitar el monocultivo econ\u00f3mico. Debemos ofrecer al turista una oferta amplia. Trabajaremos por la tecnolog\u00eda y por un turismo inteligente<\/em><\/strong><strong><em>\u00bb.<\/em><\/strong><\/p>\n<p><a href=\"https:\/\/www.barcelonaesmoltmes.cat\/es\/costa-barcelona\" target=\"_blank\" rel=\"noopener\"><img class=\"alignright wp-image-23434 size-medium\" src=\"https:\/\/www.comunicatur.info\/wp-content\/uploads\/2023\/10\/CAPTURA-WEB_BNCMUCHOMAS_ESP-300x154.png\" alt=\"\" width=\"300\" height=\"154\" srcset=\"https:\/\/www.comunicatur.info\/wp-content\/uploads\/2023\/10\/CAPTURA-WEB_BNCMUCHOMAS_ESP-300x154.png 300w, https:\/\/www.comunicatur.info\/wp-content\/uploads\/2023\/10\/CAPTURA-WEB_BNCMUCHOMAS_ESP-1024x526.png 1024w, https:\/\/www.comunicatur.info\/wp-content\/uploads\/2023\/10\/CAPTURA-WEB_BNCMUCHOMAS_ESP-768x395.png 768w, https:\/\/www.comunicatur.info\/wp-content\/uploads\/2023\/10\/CAPTURA-WEB_BNCMUCHOMAS_ESP-600x308.png 600w, https:\/\/www.comunicatur.info\/wp-content\/uploads\/2023\/10\/CAPTURA-WEB_BNCMUCHOMAS_ESP.png 1129w\" sizes=\"(max-width: 300px) 100vw, 300px\" \/><\/a><\/p>\n<p>La marca tur\u00edstica Costa Barcelona naci\u00f3 en 2013, coincidiendo con la publicaci\u00f3n del nuevo plan de marketing de la provincia. Entonces se propuso unir las dos marcas m\u00e1s conocidas del momento \u2014Costa del Maresme y Costa del Garraf\u2014 en una sola, para dar protagonismo a todas las comarcas del litoral de Barcelona y aprovechar la fuerza del nombre de la ciudad.<\/p>\n<p>Actualmente son tres las marcas tur\u00edsticas de la Diputaci\u00f3n de Barcelona: <a href=\"https:\/\/www.barcelonaesmoltmes.cat\/es\/costa-barcelona\" target=\"_blank\" rel=\"noopener\">Costa Barcelona<\/a>, <a href=\"https:\/\/www.barcelonaesmoltmes.cat\/es\/web\/web-internacional\/paisajes-barcelona\" target=\"_blank\" rel=\"noopener\">Paisajes Barcelona<\/a> (el Bages, Osona, el Moian\u00e8s y el Anoia) y <a href=\"https:\/\/www.barcelonaesmoltmes.cat\/es\/web\/web-internacional\/pirineos-barcelona\" target=\"_blank\" rel=\"noopener\">Pirineos Barcelona<\/a> (el Bergued\u00e0).<\/p>\n<p style=\"text-align: right;\"><em>En colaboraci\u00f3n con la Diputaci\u00f3n de Barcelona<\/em><\/p>\n","protected":false},"excerpt":{"rendered":"<p>El Castillo de Castelldefels ha sido el lugar escogido por la Diputaci\u00f3n de Barcelona para hacer un acto de celebraci\u00f3n del d\u00e9cimo aniversario de la marca tur\u00edstica Costa Barcelona. En estos diez a\u00f1os se ha ido consolidando como un referente tur\u00edstico del litoral catal\u00e1n, hasta el punto de que actualmente oferta 156.000 plazas de alojamiento, &hellip;<\/p>\n","protected":false},"author":408,"featured_media":23430,"comment_status":"closed","ping_status":"open","sticky":false,"template":"","format":"standard","meta":[],"categories":[63],"tags":[],"_links":{"self":[{"href":"https:\/\/www.comunicatur.info\/es\/wp-json\/wp\/v2\/posts\/23433"}],"collection":[{"href":"https:\/\/www.comunicatur.info\/es\/wp-json\/wp\/v2\/posts"}],"about":[{"href":"https:\/\/www.comunicatur.info\/es\/wp-json\/wp\/v2\/types\/post"}],"author":[{"embeddable":true,"href":"https:\/\/www.comunicatur.info\/es\/wp-json\/wp\/v2\/users\/408"}],"replies":[{"embeddable":true,"href":"https:\/\/www.comunicatur.info\/es\/wp-json\/wp\/v2\/comments?post=23433"}],"version-history":[{"count":3,"href":"https:\/\/www.comunicatur.info\/es\/wp-json\/wp\/v2\/posts\/23433\/revisions"}],"predecessor-version":[{"id":23443,"href":"https:\/\/www.comunicatur.info\/es\/wp-json\/wp\/v2\/posts\/23433\/revisions\/23443"}],"wp:featuredmedia":[{"embeddable":true,"href":"https:\/\/www.comunicatur.info\/es\/wp-json\/wp\/v2\/media\/23430"}],"wp:attachment":[{"href":"https:\/\/www.comunicatur.info\/es\/wp-json\/wp\/v2\/media?parent=23433"}],"wp:term":[{"taxonomy":"category","embeddable":true,"href":"https:\/\/www.comunicatur.info\/es\/wp-json\/wp\/v2\/categories?post=23433"},{"taxonomy":"post_tag","embeddable":true,"href":"https:\/\/www.comunicatur.info\/es\/wp-json\/wp\/v2\/tags?post=23433"}],"curies":[{"name":"wp","href":"https:\/\/api.w.org\/{rel}","templated":true}]}}