{"id":23387,"date":"2023-09-21T00:00:16","date_gmt":"2023-09-20T22:00:16","guid":{"rendered":"https:\/\/www.comunicatur.info\/?p=23387"},"modified":"2023-09-20T20:49:24","modified_gmt":"2023-09-20T18:49:24","slug":"habra-viajes-del-imserso-a-partir-de-octubre","status":"publish","type":"post","link":"https:\/\/www.comunicatur.info\/es\/habra-viajes-del-imserso-a-partir-de-octubre\/","title":{"rendered":"Habr\u00e1 viajes del Imserso a partir de octubre"},"content":{"rendered":"<p>Los recursos y apelaciones presentados por <strong>Soltour, Nautalia y Mundiplan<\/strong> contra la adjudicaci\u00f3n a <strong>\u00c1voris<\/strong> del programa de viajes del Imserso han sido desestimados por el Tribunal Administrativo Central de Recursos Contractuales (TACRC). De este modo, a finales de octubre, ya pueden comenzar la venta de viajes del programa 2023\/2024.<\/p>\n<p>Lo que pod\u00eda haber significado un retraso de tres meses el TACRC lo ha agilizado y el <a href=\"https:\/\/www.comunicatur.info\/es\/el-nuevo-imserso-da-esperanzas-al-sector\/\" target=\"_blank\" rel=\"noopener\">programa de viajes del Instituto de Mayores y Servicios Sociales (Imserso)<\/a> solo habr\u00e1 quedado suspendido durante un mes y medio. \u00c1voris se mantiene como la ganadora de los tres lotes del concurso del Ministerio de Derechos Sociales valorado en m\u00e1s de <strong>840 millones de euros que destina 70 millones de subvenci\u00f3n.<\/strong><\/p>\n<p><strong>\u00c1voris gestionar\u00e1 las 900.000 plazas ofertadas<\/strong> (70.000 m\u00e1s que la campa\u00f1a anterior). Los mayores inscritos para el Imserso recibir\u00e1n detalles del programa que cuenta con tres tipolog\u00edas de viajes: <strong>440 mil plazas para viajes de costa peninsular, 210 mil para circuitos culturales y naturaleza y ciudades, y 30 mil para viajes a los archipi\u00e9lagos.<\/strong><\/p>\n<p>Algunos hoteleros que mantienen su operativa en temporada baja gracias al Imserso <strong>se planteaban cerrar sus establecimientos<\/strong> <strong>y activar expedientes de regulaci\u00f3n de empleo<\/strong>. Con la decisi\u00f3n del TACRC podr\u00edan reconsiderar esta postura.<\/p>\n<p>Al margen queda la reivindicaci\u00f3n del sector que reclama un programa de <strong>Turismo Social<\/strong> m\u00e1s actualizado, con unas <strong>condiciones econ\u00f3micas m\u00e1s favorables que generen rentabilidad<\/strong> ya que cada vez son m\u00e1s los establecimientos que denuncian que no les salen las cuentas.<\/p>\n","protected":false},"excerpt":{"rendered":"<p>Los recursos y apelaciones presentados por Soltour, Nautalia y Mundiplan contra la adjudicaci\u00f3n a \u00c1voris del programa de viajes del Imserso han sido desestimados por el Tribunal Administrativo Central de Recursos Contractuales (TACRC). De este modo, a finales de octubre, ya pueden comenzar la venta de viajes del programa 2023\/2024. Lo que pod\u00eda haber significado &hellip;<\/p>\n","protected":false},"author":408,"featured_media":23380,"comment_status":"closed","ping_status":"open","sticky":false,"template":"","format":"standard","meta":[],"categories":[66],"tags":[],"_links":{"self":[{"href":"https:\/\/www.comunicatur.info\/es\/wp-json\/wp\/v2\/posts\/23387"}],"collection":[{"href":"https:\/\/www.comunicatur.info\/es\/wp-json\/wp\/v2\/posts"}],"about":[{"href":"https:\/\/www.comunicatur.info\/es\/wp-json\/wp\/v2\/types\/post"}],"author":[{"embeddable":true,"href":"https:\/\/www.comunicatur.info\/es\/wp-json\/wp\/v2\/users\/408"}],"replies":[{"embeddable":true,"href":"https:\/\/www.comunicatur.info\/es\/wp-json\/wp\/v2\/comments?post=23387"}],"version-history":[{"count":4,"href":"https:\/\/www.comunicatur.info\/es\/wp-json\/wp\/v2\/posts\/23387\/revisions"}],"predecessor-version":[{"id":23391,"href":"https:\/\/www.comunicatur.info\/es\/wp-json\/wp\/v2\/posts\/23387\/revisions\/23391"}],"wp:featuredmedia":[{"embeddable":true,"href":"https:\/\/www.comunicatur.info\/es\/wp-json\/wp\/v2\/media\/23380"}],"wp:attachment":[{"href":"https:\/\/www.comunicatur.info\/es\/wp-json\/wp\/v2\/media?parent=23387"}],"wp:term":[{"taxonomy":"category","embeddable":true,"href":"https:\/\/www.comunicatur.info\/es\/wp-json\/wp\/v2\/categories?post=23387"},{"taxonomy":"post_tag","embeddable":true,"href":"https:\/\/www.comunicatur.info\/es\/wp-json\/wp\/v2\/tags?post=23387"}],"curies":[{"name":"wp","href":"https:\/\/api.w.org\/{rel}","templated":true}]}}