{"id":23350,"date":"2023-09-18T00:00:44","date_gmt":"2023-09-17T22:00:44","guid":{"rendered":"https:\/\/www.comunicatur.info\/?p=23350"},"modified":"2023-09-16T18:41:33","modified_gmt":"2023-09-16T16:41:33","slug":"barcelona-de-la-promocion-a-la-gestion-del-turismo","status":"publish","type":"post","link":"https:\/\/www.comunicatur.info\/es\/barcelona-de-la-promocion-a-la-gestion-del-turismo\/","title":{"rendered":"Barcelona: de la promoci\u00f3n a la gesti\u00f3n del turismo"},"content":{"rendered":"<p><strong>\u00abLo tengo claro\u00bb<\/strong>. Con esta rotundidad se expresa el nuevo alcalde de Barcelona, Jaume Collboni, para referirse al modelo de turismo que desea para la ciudad.<\/p>\n<p>Collboni ha expuesto p\u00fablicamente su posici\u00f3n sobre lo que representa la actividad tur\u00edstica. Cree que los tiempos han cambiado desde que el alcalde <strong>Pasqual Maragall<\/strong> impuls\u00f3 la creaci\u00f3n del consorcio Turisme de Barcelona. <strong>\u00abHace treinta a\u00f1os Barcelona tuvo una visi\u00f3n: el turismo como factor de desarrollo econ\u00f3mico y creaci\u00f3n de oportunidades\u00bb<\/strong>, declara Jaume Collboni, que sin renegar de ese objetivo afirma que <strong>\u00abBarcelona y el mundo han cambiado\u00bb<\/strong>.<\/p>\n<blockquote><p>Es el momento de un nuevo pacto con la ciudadan\u00eda<\/p><\/blockquote>\n<p>Sostiene que el turismo es un <strong>\u201csector estrat\u00e9gico indiscutible\u201d<\/strong> para la ciudad, que emplea a 150.000 personas de la ciudad y aporta entre un 12% y un 15% del PIB, pero tambi\u00e9n que <strong>\u201ctenemos que dar un paso m\u00e1s: es el momento de un nuevo pacto con la ciudadan\u00eda, entidades sociales y culturales\u201d<\/strong>.<\/p>\n<p>El alcalde homologa los retos tur\u00edsticos de Barcelona a los de otras capitales europeas como Par\u00eds o \u00c1msterdam. El modelo debe ser aqu\u00e9l en el que el turismo tiene un retorno social para el conjunto de Barcelona y que respete la vida cotidiana de los ciudadanos. <strong>\u00abDespu\u00e9s de d\u00e9cadas de promoci\u00f3n, ahora debemos centrar los esfuerzos en la gesti\u00f3n del turismo\u00bb<\/strong>, concluye.<\/p>\n","protected":false},"excerpt":{"rendered":"<p>\u00abLo tengo claro\u00bb. Con esta rotundidad se expresa el nuevo alcalde de Barcelona, Jaume Collboni, para referirse al modelo de turismo que desea para la ciudad. Collboni ha expuesto p\u00fablicamente su posici\u00f3n sobre lo que representa la actividad tur\u00edstica. Cree que los tiempos han cambiado desde que el alcalde Pasqual Maragall impuls\u00f3 la creaci\u00f3n del &hellip;<\/p>\n","protected":false},"author":408,"featured_media":23345,"comment_status":"closed","ping_status":"open","sticky":false,"template":"","format":"standard","meta":[],"categories":[73],"tags":[],"_links":{"self":[{"href":"https:\/\/www.comunicatur.info\/es\/wp-json\/wp\/v2\/posts\/23350"}],"collection":[{"href":"https:\/\/www.comunicatur.info\/es\/wp-json\/wp\/v2\/posts"}],"about":[{"href":"https:\/\/www.comunicatur.info\/es\/wp-json\/wp\/v2\/types\/post"}],"author":[{"embeddable":true,"href":"https:\/\/www.comunicatur.info\/es\/wp-json\/wp\/v2\/users\/408"}],"replies":[{"embeddable":true,"href":"https:\/\/www.comunicatur.info\/es\/wp-json\/wp\/v2\/comments?post=23350"}],"version-history":[{"count":3,"href":"https:\/\/www.comunicatur.info\/es\/wp-json\/wp\/v2\/posts\/23350\/revisions"}],"predecessor-version":[{"id":23352,"href":"https:\/\/www.comunicatur.info\/es\/wp-json\/wp\/v2\/posts\/23350\/revisions\/23352"}],"wp:featuredmedia":[{"embeddable":true,"href":"https:\/\/www.comunicatur.info\/es\/wp-json\/wp\/v2\/media\/23345"}],"wp:attachment":[{"href":"https:\/\/www.comunicatur.info\/es\/wp-json\/wp\/v2\/media?parent=23350"}],"wp:term":[{"taxonomy":"category","embeddable":true,"href":"https:\/\/www.comunicatur.info\/es\/wp-json\/wp\/v2\/categories?post=23350"},{"taxonomy":"post_tag","embeddable":true,"href":"https:\/\/www.comunicatur.info\/es\/wp-json\/wp\/v2\/tags?post=23350"}],"curies":[{"name":"wp","href":"https:\/\/api.w.org\/{rel}","templated":true}]}}