{"id":23278,"date":"2023-09-01T12:09:41","date_gmt":"2023-09-01T10:09:41","guid":{"rendered":"https:\/\/www.comunicatur.info\/?p=23278"},"modified":"2023-09-01T12:10:25","modified_gmt":"2023-09-01T10:10:25","slug":"verano-negro-en-las-playas","status":"publish","type":"post","link":"https:\/\/www.comunicatur.info\/es\/verano-negro-en-las-playas\/","title":{"rendered":"Verano negro en las playas"},"content":{"rendered":"<p>En dos meses <strong>han muerto en las playas catalanas 24 ba\u00f1istas<\/strong>. \u00c9ste ha sido el peor verano de la \u00faltima d\u00e9cada. El a\u00f1o pasado el n\u00famero de ahogados en Catalu\u00f1a ya superaban la media de los \u00faltimos 10 a\u00f1os y este verano ha sido a\u00fan peor.<\/p>\n<p>Las autoridades recuerdan la importancia de ba\u00f1arse en zonas y horarios con vigilancia y seguir las indicaciones de los socorristas. <strong>La mayor\u00eda de muertes son personas mayores, de entre 70 y 80 a\u00f1os,<\/strong> pero buena parte de los rescatados con vida son j\u00f3venes que se ba\u00f1an con bandera amarilla o roja.<\/p>\n<p>Desde el 15 de junio hasta el 31 de agosto se han contabilizado 24 ahogamientos en playas y 8 en piscinas, en total 32 v\u00edctimas mortales en dos meses y medio. <strong>El d\u00eda m\u00e1s negro<\/strong> en la costa catalana fue el segundo s\u00e1bado del mes de julio, cuando fallecieron hasta tres hombres en playas donde ondeaba la bandera amarilla. La Comunidad Valenciana tambi\u00e9n tuvo un d\u00eda especialmente dram\u00e1tico, fue la tarde del martes 25 de julio cuando una mujer y dos hombres murieron ahogados en las playas de Tavernes de la Valldigna.<\/p>\n<p>La Federaci\u00f3n Espa\u00f1ola de Socorrismo y Salvamento augura que<strong> terminaremos el a\u00f1o con unos 400 ahogamientos mortales en espacios acu\u00e1ticos en todo el territorio nacional.<\/strong> Describen el perfil de la v\u00edctima como un hombre de m\u00e1s de 65 a\u00f1os que se ba\u00f1a solo en una playa en horario no vigilado por socorristas -o muy temprano por la ma\u00f1ana o tarde al anochecer-.<\/p>\n","protected":false},"excerpt":{"rendered":"<p>En dos meses han muerto en las playas catalanas 24 ba\u00f1istas. \u00c9ste ha sido el peor verano de la \u00faltima d\u00e9cada. El a\u00f1o pasado el n\u00famero de ahogados en Catalu\u00f1a ya superaban la media de los \u00faltimos 10 a\u00f1os y este verano ha sido a\u00fan peor. Las autoridades recuerdan la importancia de ba\u00f1arse en zonas &hellip;<\/p>\n","protected":false},"author":408,"featured_media":23274,"comment_status":"closed","ping_status":"open","sticky":false,"template":"","format":"standard","meta":[],"categories":[68],"tags":[],"_links":{"self":[{"href":"https:\/\/www.comunicatur.info\/es\/wp-json\/wp\/v2\/posts\/23278"}],"collection":[{"href":"https:\/\/www.comunicatur.info\/es\/wp-json\/wp\/v2\/posts"}],"about":[{"href":"https:\/\/www.comunicatur.info\/es\/wp-json\/wp\/v2\/types\/post"}],"author":[{"embeddable":true,"href":"https:\/\/www.comunicatur.info\/es\/wp-json\/wp\/v2\/users\/408"}],"replies":[{"embeddable":true,"href":"https:\/\/www.comunicatur.info\/es\/wp-json\/wp\/v2\/comments?post=23278"}],"version-history":[{"count":2,"href":"https:\/\/www.comunicatur.info\/es\/wp-json\/wp\/v2\/posts\/23278\/revisions"}],"predecessor-version":[{"id":23280,"href":"https:\/\/www.comunicatur.info\/es\/wp-json\/wp\/v2\/posts\/23278\/revisions\/23280"}],"wp:featuredmedia":[{"embeddable":true,"href":"https:\/\/www.comunicatur.info\/es\/wp-json\/wp\/v2\/media\/23274"}],"wp:attachment":[{"href":"https:\/\/www.comunicatur.info\/es\/wp-json\/wp\/v2\/media?parent=23278"}],"wp:term":[{"taxonomy":"category","embeddable":true,"href":"https:\/\/www.comunicatur.info\/es\/wp-json\/wp\/v2\/categories?post=23278"},{"taxonomy":"post_tag","embeddable":true,"href":"https:\/\/www.comunicatur.info\/es\/wp-json\/wp\/v2\/tags?post=23278"}],"curies":[{"name":"wp","href":"https:\/\/api.w.org\/{rel}","templated":true}]}}