{"id":23230,"date":"2023-08-08T12:15:31","date_gmt":"2023-08-08T10:15:31","guid":{"rendered":"https:\/\/www.comunicatur.info\/?p=23230"},"modified":"2023-08-08T12:15:31","modified_gmt":"2023-08-08T10:15:31","slug":"los-vigilantes-del-aeropuerto-del-prat-han-desconvocado-la-huelga-indefinida","status":"publish","type":"post","link":"https:\/\/www.comunicatur.info\/es\/los-vigilantes-del-aeropuerto-del-prat-han-desconvocado-la-huelga-indefinida\/","title":{"rendered":"Los vigilantes del aeropuerto del Prat han desconvocado la huelga indefinida"},"content":{"rendered":"<p>Las colas que amenazaban al Aeropuerto de Barcelona no llegar\u00e1n gracias al acuerdo al que han llegado los vigilantes de seguridad y la empresa. Buenas noticas en la semana con m\u00e1s movimientos en esa infraestructura y en la que el Ministerio hab\u00eda decretado unos servicios m\u00ednimos del 90%.<\/p>\n<p>El comit\u00e9 de empresa en huelga hab\u00eda advertido a los pasajeros que planificasen su llegada con tiempo suficiente para poder pasar los filtros de control del aeropuerto. La huelga prevista era para todos los lunes, jueves, viernes, s\u00e1bados y domingos de forma indefinida. Hab\u00edan organizado paros de dos horas para cada uno de los rangos de los tres turnos diarios.<\/p>\n<blockquote><p>Plus por conocimiento de idiomas<\/p><\/blockquote>\n<p>Este tipo de huelga son habituales en el Prat. Los vigilantes ya hicieron una en verano de 2017 contra Eulen, la concesionaria de la seguridad de El Prat en ese momento, y otra en el 2019 contra Trablisa, concesionaria vigente ese a\u00f1o. Ahora, los trabajadores dirig\u00edan sus reclamaciones a I-SEC Aviation Security, que desde noviembre es la nueva gestora de los controles de seguridad.<\/p>\n<p>Las reclamaciones actuales eran diversas, desde mejorar el trato de los directivos a los subordinados hasta un plus por conocimiento de idiomas.<\/p>\n","protected":false},"excerpt":{"rendered":"<p>Las colas que amenazaban al Aeropuerto de Barcelona no llegar\u00e1n gracias al acuerdo al que han llegado los vigilantes de seguridad y la empresa. Buenas noticas en la semana con m\u00e1s movimientos en esa infraestructura y en la que el Ministerio hab\u00eda decretado unos servicios m\u00ednimos del 90%. El comit\u00e9 de empresa en huelga hab\u00eda &hellip;<\/p>\n","protected":false},"author":408,"featured_media":19277,"comment_status":"closed","ping_status":"open","sticky":false,"template":"","format":"standard","meta":[],"categories":[65],"tags":[],"_links":{"self":[{"href":"https:\/\/www.comunicatur.info\/es\/wp-json\/wp\/v2\/posts\/23230"}],"collection":[{"href":"https:\/\/www.comunicatur.info\/es\/wp-json\/wp\/v2\/posts"}],"about":[{"href":"https:\/\/www.comunicatur.info\/es\/wp-json\/wp\/v2\/types\/post"}],"author":[{"embeddable":true,"href":"https:\/\/www.comunicatur.info\/es\/wp-json\/wp\/v2\/users\/408"}],"replies":[{"embeddable":true,"href":"https:\/\/www.comunicatur.info\/es\/wp-json\/wp\/v2\/comments?post=23230"}],"version-history":[{"count":2,"href":"https:\/\/www.comunicatur.info\/es\/wp-json\/wp\/v2\/posts\/23230\/revisions"}],"predecessor-version":[{"id":23232,"href":"https:\/\/www.comunicatur.info\/es\/wp-json\/wp\/v2\/posts\/23230\/revisions\/23232"}],"wp:featuredmedia":[{"embeddable":true,"href":"https:\/\/www.comunicatur.info\/es\/wp-json\/wp\/v2\/media\/19277"}],"wp:attachment":[{"href":"https:\/\/www.comunicatur.info\/es\/wp-json\/wp\/v2\/media?parent=23230"}],"wp:term":[{"taxonomy":"category","embeddable":true,"href":"https:\/\/www.comunicatur.info\/es\/wp-json\/wp\/v2\/categories?post=23230"},{"taxonomy":"post_tag","embeddable":true,"href":"https:\/\/www.comunicatur.info\/es\/wp-json\/wp\/v2\/tags?post=23230"}],"curies":[{"name":"wp","href":"https:\/\/api.w.org\/{rel}","templated":true}]}}