{"id":23151,"date":"2023-07-27T00:00:46","date_gmt":"2023-07-26T22:00:46","guid":{"rendered":"https:\/\/www.comunicatur.info\/?p=23151"},"modified":"2023-07-26T13:13:07","modified_gmt":"2023-07-26T11:13:07","slug":"los-turistas-espanoles-huyen-al-norte-de-europa-por-las-altas-temperaturas","status":"publish","type":"post","link":"https:\/\/www.comunicatur.info\/es\/los-turistas-espanoles-huyen-al-norte-de-europa-por-las-altas-temperaturas\/","title":{"rendered":"Los turistas espa\u00f1oles huyen al norte de Europa por las altas temperaturas"},"content":{"rendered":"<p>El portal de viajes eDreams ODIGEO explica que debido a la ola de calor las b\u00fasquedas de viajes desde Espa\u00f1a hacia el norte de Europa se han disparado.<\/p>\n<p>Por su parte, la agencia de riesgos Moody&#8217;s ha advertido de que las oleadas de calor de los pr\u00f3ximos a\u00f1os ponen en riesgo el atractivo tur\u00edstico de Espa\u00f1a. En su informe de calificaci\u00f3n de riesgos tambi\u00e9n<strong> incluyen al sur de Europa como destinos que disminuir\u00e1n la demanda de turistas durante la temporada de verano.<\/strong><\/p>\n<p>Los destinos con temperaturas m\u00e1s suaves est\u00e1n experimentado un aumento del inter\u00e9s de los turistas. Esta situaci\u00f3n afecta a todos los pa\u00edses y en el caso de los espa\u00f1oles eDreams ha observado un incremento en las b\u00fasquedas de viajes hacia el Reino Unido, que crecen un 75% respecto al mes anterior, y tambi\u00e9n hacia los pa\u00edses n\u00f3rdicos, con un incremento del 97% para ir a Dinamarca y del 45% para Suecia.<\/p>\n<blockquote><p>Los turistas del continente europeo ya est\u00e1n replante\u00e1ndose sus destinos vacacionales<\/p><\/blockquote>\n<p>Los datos comparativos que ha facilitado el portal de viajes corresponden a la segunda mitad de este mes de julio. El caso m\u00e1s llamativo es el de Irlanda, que, seg\u00fan los \u00faltimos datos de tendencias de la OTA, coincidiendo con la ola de calor, las b\u00fasquedas por parte de los espa\u00f1oles crecieron un 2.800%.<\/p>\n<p><a href=\"http:\/\/los turistas del continente europeo ya est\u00e1n replante\u00e1ndose sus destinos vacacionales\" target=\"_blank\" rel=\"noopener\"><img class=\"alignright size-medium wp-image-23156\" src=\"https:\/\/www.comunicatur.info\/wp-content\/uploads\/2023\/07\/BBC_OlaCalor-300x219.jpg\" alt=\"\" width=\"300\" height=\"219\" srcset=\"https:\/\/www.comunicatur.info\/wp-content\/uploads\/2023\/07\/BBC_OlaCalor-300x219.jpg 300w, https:\/\/www.comunicatur.info\/wp-content\/uploads\/2023\/07\/BBC_OlaCalor-1024x747.jpg 1024w, https:\/\/www.comunicatur.info\/wp-content\/uploads\/2023\/07\/BBC_OlaCalor-768x560.jpg 768w, https:\/\/www.comunicatur.info\/wp-content\/uploads\/2023\/07\/BBC_OlaCalor-600x438.jpg 600w, https:\/\/www.comunicatur.info\/wp-content\/uploads\/2023\/07\/BBC_OlaCalor.jpg 1288w\" sizes=\"(max-width: 300px) 100vw, 300px\" \/><\/a>Los episodios de temperaturas extremas en el sur de Europa se van incrementando y los turistas del continente europeo ya est\u00e1n replante\u00e1ndose sus destinos vacacionales. Siguiendo el comportamiento detectado por eDreams ODIGEO, los tres destinos m\u00e1s beneficiados en estos momentos ser\u00edan Irlanda, el Reino Unido y B\u00e9lgica.<\/p>\n<p><strong>Para pa\u00edses eminentemente tur\u00edsticos como Italia, Grecia o Espa\u00f1a esta tendencia no es buena<\/strong>. Adem\u00e1s de afectar la llegada de turistas del exterior afecta al turismo interno. Sus propios ciudadanos que realizan las vacaciones en el pa\u00eds se replantean sus destinos de verano en busca de temperaturas m\u00e1s frescas.<\/p>\n","protected":false},"excerpt":{"rendered":"<p>El portal de viajes eDreams ODIGEO explica que debido a la ola de calor las b\u00fasquedas de viajes desde Espa\u00f1a hacia el norte de Europa se han disparado. Por su parte, la agencia de riesgos Moody&#8217;s ha advertido de que las oleadas de calor de los pr\u00f3ximos a\u00f1os ponen en riesgo el atractivo tur\u00edstico de &hellip;<\/p>\n","protected":false},"author":408,"featured_media":23149,"comment_status":"closed","ping_status":"open","sticky":false,"template":"","format":"standard","meta":[],"categories":[64],"tags":[],"_links":{"self":[{"href":"https:\/\/www.comunicatur.info\/es\/wp-json\/wp\/v2\/posts\/23151"}],"collection":[{"href":"https:\/\/www.comunicatur.info\/es\/wp-json\/wp\/v2\/posts"}],"about":[{"href":"https:\/\/www.comunicatur.info\/es\/wp-json\/wp\/v2\/types\/post"}],"author":[{"embeddable":true,"href":"https:\/\/www.comunicatur.info\/es\/wp-json\/wp\/v2\/users\/408"}],"replies":[{"embeddable":true,"href":"https:\/\/www.comunicatur.info\/es\/wp-json\/wp\/v2\/comments?post=23151"}],"version-history":[{"count":4,"href":"https:\/\/www.comunicatur.info\/es\/wp-json\/wp\/v2\/posts\/23151\/revisions"}],"predecessor-version":[{"id":23158,"href":"https:\/\/www.comunicatur.info\/es\/wp-json\/wp\/v2\/posts\/23151\/revisions\/23158"}],"wp:featuredmedia":[{"embeddable":true,"href":"https:\/\/www.comunicatur.info\/es\/wp-json\/wp\/v2\/media\/23149"}],"wp:attachment":[{"href":"https:\/\/www.comunicatur.info\/es\/wp-json\/wp\/v2\/media?parent=23151"}],"wp:term":[{"taxonomy":"category","embeddable":true,"href":"https:\/\/www.comunicatur.info\/es\/wp-json\/wp\/v2\/categories?post=23151"},{"taxonomy":"post_tag","embeddable":true,"href":"https:\/\/www.comunicatur.info\/es\/wp-json\/wp\/v2\/tags?post=23151"}],"curies":[{"name":"wp","href":"https:\/\/api.w.org\/{rel}","templated":true}]}}