{"id":23108,"date":"2023-07-19T00:00:29","date_gmt":"2023-07-18T22:00:29","guid":{"rendered":"https:\/\/www.comunicatur.info\/?p=23108"},"modified":"2023-07-18T18:21:24","modified_gmt":"2023-07-18T16:21:24","slug":"avanza-la-comunidad-mediterranea-de-turismo-sostenible-que-lidera-la-diputacion-de-barcelona","status":"publish","type":"post","link":"https:\/\/www.comunicatur.info\/es\/avanza-la-comunidad-mediterranea-de-turismo-sostenible-que-lidera-la-diputacion-de-barcelona\/","title":{"rendered":"Avanza la Comunidad  Mediterr\u00e1nea de Turismo Sostenible que lidera la Diputaci\u00f3n de Barcelona"},"content":{"rendered":"<p>La nueva<strong>\u00a0 Comunidad Tem\u00e1tica de Turismo Sostenible del programa Interreg Euro-MED,<\/strong> conocida con el nombre de <strong>Community4Tourism,<\/strong> que lidera la Diputaci\u00f3n de Barcelona <a href=\"https:\/\/www.comunicatur.info\/es\/la-diputacion-de-barcelona-liderara-la-community4tourism-hasta-el-2029\/\"><strong><em>(ver noticia en Comunicatur)<\/em><\/strong><\/a><strong>,<\/strong> ha participado recientemente en diferentes foros y debates.<\/p>\n<p>El objetivo era avanzar en los dos proyectos de gobernanza del programa, centrados en turismo <strong>Community4Tourism<\/strong> y <strong>Dialogue4Tourism.<\/strong><\/p>\n<p>As\u00ed, la Diputaci\u00f3n de Barcelona ha participado entre junio y julio en los encuentros siguientes:<\/p>\n<ul>\n<li><strong>Iniciativa Med Cat Days 2023. <\/strong>Organizada por el departamento de Acci\u00f3n Exterior y Uni\u00f3n Europea de la Generalitat de Catalu\u00f1a, junto con el Instituto Europea del Mediterr\u00e1neo (IEMed), la sesi\u00f3n se centr\u00f3 en la gobernanza como prioridad transversal en muchos programas de financiaci\u00f3n euromediterr\u00e1neos.<\/li>\n<\/ul>\n<p>M\u00e1s informaci\u00f3n: <a href=\"https:\/\/exteriors.gencat.cat\/es\/ambits-dactuacio\/afers_exteriors\/mediterrania\/medcatdays\/index.html\" target=\"_blank\" rel=\"noopener\"><strong>AQU\u00cd<\/strong><\/a><\/p>\n<ul>\n<li><strong>20\u00aa sesi\u00f3n de la Comisi\u00f3n Mediterr\u00e1nea de Desarrollo Sostenible &#8211;<\/strong><br \/>\nMarsella (Francia) Organizada por el programa de medio ambiente de las Naciones Unidas (UNEP\/MAP), se present\u00f3 la Misi\u00f3n de Turismo Sostenible del Interreg Euro-MED ante representantes de alto nivel.<\/li>\n<\/ul>\n<p>M\u00e1s informaci\u00f3n: <a href=\"https:\/\/www.unep.org\/events\/unep-event\/20th-meeting-mediterranean-commission-sustainable-development#:~:text=The%20Mediterranean%20Commission%20on%20Sustainable%20Development%20(MCSD)%20will%20hold%20its,meeting%20is%20hosted%20by%20France\" target=\"_blank\" rel=\"noopener\"><strong>AQU\u00cd<\/strong><\/a><\/p>\n<ul>\n<li><strong>2\u00ba comit\u00e9 directico de la Community4Tourism &#8211;<\/strong> Tesalia (Grecia)<br \/>\nEn este caso, el comit\u00e9 directivo se reuni\u00f3 en Grecia porque la Universidad de Tesalia es uno de los socios del proyecto<strong>. Se aprobaron los planes de trabajo del proyecto, que han estado trabajando los diferentes socios durante seis meses.<br \/>\n<\/strong>Tambi\u00e9n se iniciaron algunes de sus actividades centrales, entre las que destacan <strong>la creaci\u00f3n de la plataforma de conocimiento sobre turismo sostenible \u201cJoin the MED\u201d<\/strong> o <strong>la organizaci\u00f3n de los<\/strong> <strong>\u201cMediterranean Clusters\u201d,<\/strong> como foro de intercambio entre los diferentes actores del turismo en el Mediterr\u00e1neo.<\/li>\n<\/ul>\n<p>M\u00e1s informaci\u00f3n: <a href=\"https:\/\/twitter.com\/Gov4Tourism\" target=\"_blank\" rel=\"noopener\"><strong>AQU\u00cd<\/strong><\/a><\/p>\n<p>Adem\u00e1s se decidieron los pr\u00f3ximos acontecimientos en que participar\u00e1 la Comunidad, como <strong>la reuni\u00f3n de lanzamiento de la Comunidad, en marzo de 2024,<\/strong> con la quincena de proyectos que la integrar\u00e1n; o <strong>la<\/strong> <strong>Tourism Innovation Summit, que tendr\u00e1 lugar en Sevilla en octubre del 2024.<\/strong><\/p>\n<p>Finalmente, se dio el pistoletazo de salida de la <a href=\"https:\/\/sustainable-tourism.interreg-euro-med.eu\/\" target=\"_blank\" rel=\"noopener\"><strong>p\u00e1gina web<\/strong><\/a><strong>,<\/strong> que estar\u00e1 operativa pr\u00f3ximamente.<\/p>\n","protected":false},"excerpt":{"rendered":"<p>La nueva\u00a0 Comunidad Tem\u00e1tica de Turismo Sostenible del programa Interreg Euro-MED, conocida con el nombre de Community4Tourism, que lidera la Diputaci\u00f3n de Barcelona (ver noticia en Comunicatur), ha participado recientemente en diferentes foros y debates. El objetivo era avanzar en los dos proyectos de gobernanza del programa, centrados en turismo Community4Tourism y Dialogue4Tourism. As\u00ed, la &hellip;<\/p>\n","protected":false},"author":408,"featured_media":23103,"comment_status":"closed","ping_status":"open","sticky":false,"template":"","format":"standard","meta":[],"categories":[63],"tags":[],"_links":{"self":[{"href":"https:\/\/www.comunicatur.info\/es\/wp-json\/wp\/v2\/posts\/23108"}],"collection":[{"href":"https:\/\/www.comunicatur.info\/es\/wp-json\/wp\/v2\/posts"}],"about":[{"href":"https:\/\/www.comunicatur.info\/es\/wp-json\/wp\/v2\/types\/post"}],"author":[{"embeddable":true,"href":"https:\/\/www.comunicatur.info\/es\/wp-json\/wp\/v2\/users\/408"}],"replies":[{"embeddable":true,"href":"https:\/\/www.comunicatur.info\/es\/wp-json\/wp\/v2\/comments?post=23108"}],"version-history":[{"count":4,"href":"https:\/\/www.comunicatur.info\/es\/wp-json\/wp\/v2\/posts\/23108\/revisions"}],"predecessor-version":[{"id":23111,"href":"https:\/\/www.comunicatur.info\/es\/wp-json\/wp\/v2\/posts\/23108\/revisions\/23111"}],"wp:featuredmedia":[{"embeddable":true,"href":"https:\/\/www.comunicatur.info\/es\/wp-json\/wp\/v2\/media\/23103"}],"wp:attachment":[{"href":"https:\/\/www.comunicatur.info\/es\/wp-json\/wp\/v2\/media?parent=23108"}],"wp:term":[{"taxonomy":"category","embeddable":true,"href":"https:\/\/www.comunicatur.info\/es\/wp-json\/wp\/v2\/categories?post=23108"},{"taxonomy":"post_tag","embeddable":true,"href":"https:\/\/www.comunicatur.info\/es\/wp-json\/wp\/v2\/tags?post=23108"}],"curies":[{"name":"wp","href":"https:\/\/api.w.org\/{rel}","templated":true}]}}