{"id":23083,"date":"2023-07-17T00:00:52","date_gmt":"2023-07-16T22:00:52","guid":{"rendered":"https:\/\/www.comunicatur.info\/?p=23083"},"modified":"2023-07-09T16:03:25","modified_gmt":"2023-07-09T14:03:25","slug":"los-trenes-de-renfe-ya-circulan-por-francia","status":"publish","type":"post","link":"https:\/\/www.comunicatur.info\/es\/los-trenes-de-renfe-ya-circulan-por-francia\/","title":{"rendered":"Los trenes de Renfe ya circulan por Francia"},"content":{"rendered":"<p>Por primera vez en la historia ferroviaria, el operador espa\u00f1ol ya ofrece un servicio en Francia. Para hacerlo, Renfe ha escogido uno de los puentes festivos m\u00e1s importantes del pa\u00eds vecino, su Fiesta Nacional. <strong>As\u00ed el 13 de julio empezaba la circular el Barcelona-Lyon y el d\u00eda de la Fiesta, el 14 de julio, lo hac\u00eda el Lyon-Barcelona.<\/strong><\/p>\n<p>Ya queda muy atr\u00e1s en el tiempo los enlaces ferroviarios entre ambos pa\u00edses. Al principio, en las estaciones fronterizas, los viajeros ten\u00edan que cambiar de tren, por la diferencia en el ancho de v\u00eda y porque los maquinistas espa\u00f1oles no pod\u00edan trabajar en Francia, ni los franceses en Espa\u00f1a.<\/p>\n<figure id=\"attachment_23077\" aria-describedby=\"caption-attachment-23077\" style=\"width: 225px\" class=\"wp-caption alignright\"><img class=\"size-medium wp-image-23077\" src=\"https:\/\/www.comunicatur.info\/wp-content\/uploads\/2023\/07\/Presentacio-Renfe-Franca-225x300.jpg\" alt=\"\" width=\"225\" height=\"300\" srcset=\"https:\/\/www.comunicatur.info\/wp-content\/uploads\/2023\/07\/Presentacio-Renfe-Franca-225x300.jpg 225w, https:\/\/www.comunicatur.info\/wp-content\/uploads\/2023\/07\/Presentacio-Renfe-Franca-768x1024.jpg 768w, https:\/\/www.comunicatur.info\/wp-content\/uploads\/2023\/07\/Presentacio-Renfe-Franca-600x800.jpg 600w, https:\/\/www.comunicatur.info\/wp-content\/uploads\/2023\/07\/Presentacio-Renfe-Franca-1152x1536.jpg 1152w, https:\/\/www.comunicatur.info\/wp-content\/uploads\/2023\/07\/Presentacio-Renfe-Franca.jpg 1536w\" sizes=\"(max-width: 225px) 100vw, 225px\" \/><figcaption id=\"caption-attachment-23077\" class=\"wp-caption-text\">Susana Lozano, responsable de Alta Velocidad Internacional de Renfe durante la presentaci\u00f3n del producto que hizo en Lyon el pasado 6 de julio. Foto: \u00a9Renfe<\/figcaption><\/figure>\n<p><strong>Posteriormente, gracias a los ejes intercambiables de Talgo, el cambio de tren ya no era necesario. <\/strong>Poco a poco, los acuerdos entre Renfe y SNCF fueron a m\u00e1s y <strong>surgieron los Trenhotel y m\u00e1s tarde los trenes de alta velocidad, ambos gestionados por la empresa conjunta Elipsos.<\/strong><\/p>\n<p>Con la liberalizaci\u00f3n del mercado ferroviario, se abri\u00f3 el monopolio y diferentes operadores empezaron a circular en Espa\u00f1a por la Red Ferroviaria de Inter\u00e9s General que gestiona Adif. <strong>Pero mientras la francesa SNCF y la italiana Trenitalia ya circulaban por Espa\u00f1a, Renfe todav\u00eda no lo pod\u00eda hacer por Francia.<br \/>\n<\/strong><br \/>\n<strong>Finalmente, el pasado 22 de diciembre, Renfe obtuvo el Certificado de Seguridad otorgado por la Agencia Europea de Seguridad Ferroviaria para poder explotar las l\u00edneas certificadas entre Perpi\u00f1\u00e1n y Lyon y Perpi\u00f1\u00e1n y Marsella.<\/strong> Para poder iniciar el servicio, ha tenido que completar las pruebas t\u00e9cnicas pertinentes y los itinerarios formativos te\u00f3ricos y pr\u00e1cticos del personal de conducci\u00f3n e intervenci\u00f3n necesarios para garantizar la solvencia y robustez en la explotaci\u00f3n. Por todo esto, el inicio de la comercializaci\u00f3n en Francia es todo un hito para la empresa espa\u00f1ola, ya que <strong>por vez primera un maquinista espa\u00f1ol presta el servicio comercial de un tren AVE m\u00e1s all\u00e1 de Perpi\u00f1\u00e1n.<\/strong><\/p>\n<blockquote><p>Barcelona-Lyon en 5 horas de viaje y conexi\u00f3n con 10 ciudades<\/p><\/blockquote>\n<p><strong>La ruta Barcelona-Lyon ha arrancado con circulaciones de viernes a lunes<\/strong>, con la excepci\u00f3n del primer d\u00eda de servicio, que fue jueves. <strong>Tambi\u00e9n el AVE Madrid-Barcelona-Marsella circular\u00e1 inicialmente de viernes a lunes<\/strong>, porque est\u00e1 previsto que Renfe aumente las frecuencias. <strong>As\u00ed, en septiembre, en la ruta de Lyon y en octubre en la ruta de Marsella, Renfe operar\u00e1 sus trenes AVE de lunes a domingo y ofrecer\u00e1 28 circulaciones semanales.<\/strong><br \/>\nLa venta de los billetes del AVE a Francia comenz\u00f3 el 21 de junio, con unos precios promocionales muy competitivos, para viajar hasta octubre. A partir de ese momento, <strong>los precios variar\u00e1n en funci\u00f3n de la demanda, pero rondar\u00e1n los 100 euros.<\/strong><\/p>\n<p><strong>El servicio de las nuevas l\u00edneas tiene estos horarios y parada en las siguientes estaciones:<\/strong><\/p>\n<h4 style=\"text-align: center;\"><strong>BARCELONA-LYON-BARCELONA<\/strong><\/h4>\n<table width=\"0\">\n<tbody>\n<tr>\n<td width=\"34\">q<\/td>\n<td width=\"81\">8:22<\/td>\n<td width=\"174\">Barcelona Sants<\/td>\n<td width=\"81\">19:32<\/td>\n<td width=\"38\">p<\/td>\n<\/tr>\n<tr>\n<td width=\"34\">q<\/td>\n<td width=\"81\">9:03<\/td>\n<td width=\"174\">Girona<\/td>\n<td width=\"81\">18:54<\/td>\n<td width=\"38\">p<\/td>\n<\/tr>\n<tr>\n<td width=\"34\">q<\/td>\n<td width=\"81\">9:22<\/td>\n<td width=\"174\">Figueres Vilafant<\/td>\n<td width=\"81\">18:37<\/td>\n<td width=\"38\">p<\/td>\n<\/tr>\n<tr>\n<td width=\"34\">q<\/td>\n<td width=\"81\">9:52<\/td>\n<td width=\"174\">Perpignan<\/td>\n<td width=\"81\">18:09<\/td>\n<td width=\"38\">p<\/td>\n<\/tr>\n<tr>\n<td width=\"34\">q<\/td>\n<td width=\"81\">10:30<\/td>\n<td width=\"174\">Narbonne<\/td>\n<td width=\"81\">17:32<\/td>\n<td width=\"38\">p<\/td>\n<\/tr>\n<tr>\n<td width=\"34\">q<\/td>\n<td width=\"81\">&#8211;<\/td>\n<td width=\"174\">B\u00e9ziers<\/td>\n<td width=\"81\">17:15<\/td>\n<td width=\"38\">p<\/td>\n<\/tr>\n<tr>\n<td width=\"34\">q<\/td>\n<td width=\"81\">11:30<\/td>\n<td width=\"174\">Montpellier-St-Roch<\/td>\n<td width=\"81\">16:29<\/td>\n<td width=\"38\">p<\/td>\n<\/tr>\n<tr>\n<td width=\"34\">q<\/td>\n<td width=\"81\">12:00<\/td>\n<td width=\"174\">N\u00eemes<\/td>\n<td width=\"81\">16:01<\/td>\n<td width=\"38\">p<\/td>\n<\/tr>\n<tr>\n<td width=\"34\">q<\/td>\n<td width=\"81\">12:45<\/td>\n<td width=\"174\">Valence TGV<\/td>\n<td width=\"81\">15:11<\/td>\n<td width=\"38\">p<\/td>\n<\/tr>\n<tr>\n<td width=\"34\">q<\/td>\n<td width=\"81\">13:20<\/td>\n<td width=\"174\">Lyon Part Dieu<\/td>\n<td width=\"81\">14:30<\/td>\n<td width=\"38\">p<\/td>\n<\/tr>\n<\/tbody>\n<\/table>\n<h4 style=\"text-align: center;\"><strong>MADRID-MARSELLA-MADRID<\/strong><strong>\u00a0<\/strong><\/h4>\n<table width=\"0\">\n<tbody>\n<tr>\n<td width=\"34\">\n<h4>q<\/h4>\n<\/td>\n<td width=\"81\">13:25<\/td>\n<td width=\"308\">Madrid Pta Atocha-Almudena Grandes<\/td>\n<td width=\"40\">15:45<\/td>\n<td width=\"28\">p<\/td>\n<\/tr>\n<tr>\n<td width=\"34\">q<\/td>\n<td width=\"81\">13:50<\/td>\n<td width=\"308\">Guadalajara Yebes<\/td>\n<td width=\"40\">&#8211;<\/td>\n<td width=\"28\">p<\/td>\n<\/tr>\n<tr>\n<td width=\"34\">q<\/td>\n<td width=\"81\">14:50<\/td>\n<td width=\"308\">Zaragoza Delicias<\/td>\n<td width=\"40\">14:25<\/td>\n<td width=\"28\">p<\/td>\n<\/tr>\n<tr>\n<td width=\"34\">q<\/td>\n<td width=\"81\">15:46<\/td>\n<td width=\"308\">Camp Tarragona<\/td>\n<td width=\"40\">13:22<\/td>\n<td width=\"28\">p<\/td>\n<\/tr>\n<tr>\n<td width=\"34\">q<\/td>\n<td width=\"81\">16:34<\/td>\n<td width=\"308\">Barcelona Sants<\/td>\n<td width=\"40\">12:50<\/td>\n<td width=\"28\">p<\/td>\n<\/tr>\n<tr>\n<td width=\"34\">q<\/td>\n<td width=\"81\">17:15<\/td>\n<td width=\"308\">Girona<\/td>\n<td width=\"40\">12:00<\/td>\n<td width=\"28\">p<\/td>\n<\/tr>\n<tr>\n<td width=\"34\">q<\/td>\n<td width=\"81\">17:32<\/td>\n<td width=\"308\">Figueres Vilafant<\/td>\n<td width=\"40\">11:43<\/td>\n<td width=\"28\">p<\/td>\n<\/tr>\n<tr>\n<td width=\"34\">q<\/td>\n<td width=\"81\">17:59<\/td>\n<td width=\"308\">Perpi\u00f1\u00e1n<\/td>\n<td width=\"40\">11:19<\/td>\n<td width=\"28\">p<\/td>\n<\/tr>\n<tr>\n<td width=\"34\">q<\/td>\n<td width=\"81\">18:36<\/td>\n<td width=\"308\">Narbona<\/td>\n<td width=\"40\">10:43<\/td>\n<td width=\"28\">p<\/td>\n<\/tr>\n<tr>\n<td width=\"34\">q<\/td>\n<td width=\"81\">18:52<\/td>\n<td width=\"308\">B\u00e9ziers<\/td>\n<td width=\"40\">10:27<\/td>\n<td width=\"28\">p<\/td>\n<\/tr>\n<tr>\n<td width=\"34\">q<\/td>\n<td width=\"81\">19:48<\/td>\n<td width=\"308\">Montpellier-St-Roch<\/td>\n<td width=\"40\">9:31<\/td>\n<td width=\"28\">p<\/td>\n<\/tr>\n<tr>\n<td width=\"34\">q<\/td>\n<td width=\"81\">20:25<\/td>\n<td width=\"308\">N\u00eemes<\/td>\n<td width=\"40\">9:00<\/td>\n<td width=\"28\">p<\/td>\n<\/tr>\n<tr>\n<td width=\"34\">q<\/td>\n<td width=\"81\">20:55<\/td>\n<td width=\"308\">Avi\u00f1\u00f3n-TGV<\/td>\n<td width=\"40\">8:40<\/td>\n<td width=\"28\">p<\/td>\n<\/tr>\n<tr>\n<td width=\"34\">q<\/td>\n<td width=\"81\">21:17<\/td>\n<td width=\"308\">Aix-en-Provence-TGV<\/td>\n<td width=\"40\">8:18<\/td>\n<td width=\"28\">p<\/td>\n<\/tr>\n<tr>\n<td width=\"34\">q<\/td>\n<td width=\"81\">21:30<\/td>\n<td width=\"308\">Marsella-St-Charles<\/td>\n<td width=\"40\">8:03<\/td>\n<td width=\"28\">p<\/td>\n<\/tr>\n<\/tbody>\n<\/table>\n<p>De todas maneras, <strong>los viajeros habituales no encontrar\u00e1n muchas diferencias en el servicio de alta velocidad que ofrec\u00eda anteriormente Elipsos bajo la marca <em>Renfe-SNCF en Cooperaci\u00f3n<\/em><\/strong>, puesto que las rutas y franjas horarias son las mismas y el material rodante tambi\u00e9n es el mismo, los conocidos como S-100 fabricados por Alstom. <strong>Tampoco se ha podido mejorar el tiempo de viaje, puesto que las l\u00edneas ferroviarias francesas no son todav\u00eda de alta velocidad a partir de Perpi\u00f1\u00e1n. <\/strong><\/p>\n<p>Renfe contin\u00faa desarrollando los trabajos para obtener el Certificado de Seguridad para operar en toda Francia y expandir su actividad poniendo en valor su experiencia como operador de alta velocidad de primer nivel en el \u00e1mbito internacional. Por eso <strong>espera que en el a\u00f1o 2024 pueda llegar a Par\u00eds, con la mirada puesta en los Juegos Ol\u00edmpicos 2024<\/strong> que tendr\u00e1n la sede en la capital francesa.<\/p>\n<p>M\u00e1s informaci\u00f3n: <a href=\"https:\/\/www.renfe.com\/es\/es\/viajar\/prepara-tu-viaje\/ave-francia\/destinos\" target=\"_blank\" rel=\"noopener\"><strong>AQU\u00cd.<\/strong><\/a><\/p>\n","protected":false},"excerpt":{"rendered":"<p>Por primera vez en la historia ferroviaria, el operador espa\u00f1ol ya ofrece un servicio en Francia. Para hacerlo, Renfe ha escogido uno de los puentes festivos m\u00e1s importantes del pa\u00eds vecino, su Fiesta Nacional. As\u00ed el 13 de julio empezaba la circular el Barcelona-Lyon y el d\u00eda de la Fiesta, el 14 de julio, lo &hellip;<\/p>\n","protected":false},"author":408,"featured_media":23079,"comment_status":"closed","ping_status":"open","sticky":false,"template":"","format":"standard","meta":[],"categories":[65],"tags":[],"_links":{"self":[{"href":"https:\/\/www.comunicatur.info\/es\/wp-json\/wp\/v2\/posts\/23083"}],"collection":[{"href":"https:\/\/www.comunicatur.info\/es\/wp-json\/wp\/v2\/posts"}],"about":[{"href":"https:\/\/www.comunicatur.info\/es\/wp-json\/wp\/v2\/types\/post"}],"author":[{"embeddable":true,"href":"https:\/\/www.comunicatur.info\/es\/wp-json\/wp\/v2\/users\/408"}],"replies":[{"embeddable":true,"href":"https:\/\/www.comunicatur.info\/es\/wp-json\/wp\/v2\/comments?post=23083"}],"version-history":[{"count":1,"href":"https:\/\/www.comunicatur.info\/es\/wp-json\/wp\/v2\/posts\/23083\/revisions"}],"predecessor-version":[{"id":23084,"href":"https:\/\/www.comunicatur.info\/es\/wp-json\/wp\/v2\/posts\/23083\/revisions\/23084"}],"wp:featuredmedia":[{"embeddable":true,"href":"https:\/\/www.comunicatur.info\/es\/wp-json\/wp\/v2\/media\/23079"}],"wp:attachment":[{"href":"https:\/\/www.comunicatur.info\/es\/wp-json\/wp\/v2\/media?parent=23083"}],"wp:term":[{"taxonomy":"category","embeddable":true,"href":"https:\/\/www.comunicatur.info\/es\/wp-json\/wp\/v2\/categories?post=23083"},{"taxonomy":"post_tag","embeddable":true,"href":"https:\/\/www.comunicatur.info\/es\/wp-json\/wp\/v2\/tags?post=23083"}],"curies":[{"name":"wp","href":"https:\/\/api.w.org\/{rel}","templated":true}]}}