{"id":23073,"date":"2023-07-12T00:00:20","date_gmt":"2023-07-11T22:00:20","guid":{"rendered":"https:\/\/www.comunicatur.info\/?p=23073"},"modified":"2023-07-09T09:35:34","modified_gmt":"2023-07-09T07:35:34","slug":"los-hoteleros-preven-mas-clientes-este-verano","status":"publish","type":"post","link":"https:\/\/www.comunicatur.info\/es\/los-hoteleros-preven-mas-clientes-este-verano\/","title":{"rendered":"Los hoteleros prev\u00e9n m\u00e1s clientes este verano"},"content":{"rendered":"<p>La Confederaci\u00f3n Espa\u00f1ola de Hoteles y Alojamentos Tur\u00edsticos (Cehat) se\u00f1ala que la ocupaci\u00f3n de los establecimientos aumentar\u00e1 de forma generalizada durante toda la temporada alta.<\/p>\n<p>Pese a la inflaci\u00f3n, los empresarios detectan que se est\u00e1 restableciendo la normalidad prepandemia en lo que respecta a la afluencia tur\u00edstica. Las cadenas hoteleras, para estos meses, <strong>ya tienen reservado el 52% de su oferta, 17 puntos m\u00e1s que en 2019<\/strong>. En cuanto a la llegada de clientes han notado que el brit\u00e1nico y el alem\u00e1n est\u00e1n a\u00fan por debajo de lo esperado. Con todo, el presidente de Cehat, Jorge Marichalar, anuncia que para el conjunto de Espa\u00f1a la ocupaci\u00f3n podr\u00e1 superar el 80%, que fue la media del pasado a\u00f1o.<\/p>\n<p>Ademas, Cehat explica que <strong>el precio medio diario de las habitaciones ocupadas (ADR) se ha incrementado un 9,7% durante la primera parte del a\u00f1o<\/strong>. Y si comparamos los precios medios, una habitaci\u00f3n en 2019 estaa en 107 euros y actualmente se situa en 126 euros. Defienden que a pesar de la subida el porcentaje est\u00e1 por debajo del 14% de incremento general del IPC con lo que el sector est\u00e1 asumiendo parte de la inflaci\u00f3n. <strong>Esta subida de precios ha provocado que el cliente nacional haya adaptado sus estancias a su presupuesto reduciendo pernoctaciones.<\/strong><\/p>\n<h4><strong>Falta personal para el verano<\/strong><\/h4>\n<p>La CEOE ha alertado de las dificultades que est\u00e1 encontrando el sector del turismo para cubrir las necesidades de mano de obra. Los perfiles profesionales que requiere el sector no se est\u00e1n cubriendo y quedan muchas vacantes con la temporada ya en marcha.<\/p>\n<p>Uno de los problemas est\u00e1 siendo la dificultad para encontrar vivienda para alojar a los trabajadores en las zonas tur\u00edsticas.<\/p>\n","protected":false},"excerpt":{"rendered":"<p>La Confederaci\u00f3n Espa\u00f1ola de Hoteles y Alojamentos Tur\u00edsticos (Cehat) se\u00f1ala que la ocupaci\u00f3n de los establecimientos aumentar\u00e1 de forma generalizada durante toda la temporada alta. Pese a la inflaci\u00f3n, los empresarios detectan que se est\u00e1 restableciendo la normalidad prepandemia en lo que respecta a la afluencia tur\u00edstica. Las cadenas hoteleras, para estos meses, ya tienen &hellip;<\/p>\n","protected":false},"author":408,"featured_media":23069,"comment_status":"closed","ping_status":"open","sticky":false,"template":"","format":"standard","meta":[],"categories":[59],"tags":[],"_links":{"self":[{"href":"https:\/\/www.comunicatur.info\/es\/wp-json\/wp\/v2\/posts\/23073"}],"collection":[{"href":"https:\/\/www.comunicatur.info\/es\/wp-json\/wp\/v2\/posts"}],"about":[{"href":"https:\/\/www.comunicatur.info\/es\/wp-json\/wp\/v2\/types\/post"}],"author":[{"embeddable":true,"href":"https:\/\/www.comunicatur.info\/es\/wp-json\/wp\/v2\/users\/408"}],"replies":[{"embeddable":true,"href":"https:\/\/www.comunicatur.info\/es\/wp-json\/wp\/v2\/comments?post=23073"}],"version-history":[{"count":1,"href":"https:\/\/www.comunicatur.info\/es\/wp-json\/wp\/v2\/posts\/23073\/revisions"}],"predecessor-version":[{"id":23074,"href":"https:\/\/www.comunicatur.info\/es\/wp-json\/wp\/v2\/posts\/23073\/revisions\/23074"}],"wp:featuredmedia":[{"embeddable":true,"href":"https:\/\/www.comunicatur.info\/es\/wp-json\/wp\/v2\/media\/23069"}],"wp:attachment":[{"href":"https:\/\/www.comunicatur.info\/es\/wp-json\/wp\/v2\/media?parent=23073"}],"wp:term":[{"taxonomy":"category","embeddable":true,"href":"https:\/\/www.comunicatur.info\/es\/wp-json\/wp\/v2\/categories?post=23073"},{"taxonomy":"post_tag","embeddable":true,"href":"https:\/\/www.comunicatur.info\/es\/wp-json\/wp\/v2\/tags?post=23073"}],"curies":[{"name":"wp","href":"https:\/\/api.w.org\/{rel}","templated":true}]}}