{"id":23031,"date":"2023-07-14T00:00:31","date_gmt":"2023-07-13T22:00:31","guid":{"rendered":"https:\/\/www.comunicatur.info\/?p=23031"},"modified":"2023-07-05T17:47:17","modified_gmt":"2023-07-05T15:47:17","slug":"los-cruceristas-piensan-que-barcelona-esta-masificada","status":"publish","type":"post","link":"https:\/\/www.comunicatur.info\/es\/los-cruceristas-piensan-que-barcelona-esta-masificada\/","title":{"rendered":"Los cruceristas piensan que Barcelona est\u00e1 masificada"},"content":{"rendered":"<p>La Universitat Rovira i Virgili, en colaboraci\u00f3n con la Universitat Oberta de Catalunya, el Instituto de Salud Global de Barcelona, la Universitat Internacional de Catalunya, la Ostelea Tourism Management School y el COE Innovaci\u00f3 Tur\u00edstica del Eurecat han participado en el estudio m\u00e1s grande hecho hasta ahora sobre los problemas de movilidad de los visitantes de Barcelona y como, su presencia, afecta la poblaci\u00f3n residente.<\/p>\n<p><strong>El proyecto, denominado VISITMOB, se enmarca en el Plan Barcelona Ciencia 2020-2023<\/strong> impulsado por el \u00c1rea de Cultura, Educaci\u00f3n, Ciencia y Comunidad del Ayuntamiento de Barcelona y ha sido liderado por el <strong>Dr. Aaron Guti\u00e9rrez<\/strong>, miembro del Grupo de Investigaci\u00f3n en An\u00e1lisis Territorial y Estudios Tur\u00edsticos (GRATET), vinculado al Departamento de Geograf\u00eda de la Universitat Rovira i Virgili.<\/p>\n<p><strong>M\u00e1s de la mitad de los turistas de cruceros consideran que se encuentran demasiada gente cuando visitan Barcelona.<\/strong> Su opini\u00f3n coincide en buena parte con la poblaci\u00f3n residente que convive con este turismo y destaca que la concentraci\u00f3n de los flujos de visitantes alrededor de las principales zonas tur\u00edsticas de la ciudad afecta sus desplazamientos cotidianos y su calidad de vida, hasta el punto de evitar o haber dejado de visitar algunas zonas para no encontrarse con esta problem\u00e1tica.<\/p>\n<p>El riguroso estudio ha obtenido una radiograf\u00eda in\u00e9dita que ha permitido identificar los retos pendientes para planificar una movilidad social m\u00e1s sostenible.<\/p>\n<p><strong>Algunos de los resultados obtenidos por las opiniones de los visitantes son:<\/strong><\/p>\n<ul>\n<li>Un 90% de los turistas de cruceros entrevistados define como agradable su experiencia visitando la ciudad.<\/li>\n<li>Un 80% se ha sentido seguro.<\/li>\n<li>Un 53% dice haberse encontrado demasiadas personas en el momento de disfrutar de los lugares visitados.<\/li>\n<li>El 100% de cruceristas visita Ciutat Vella, con una estancia media de 2 horas, de las cuales 1:15 lo hacen a pie. Otros distritos que visitan son el Eixample y Gr\u00e0cia. Por el contrario, Nou Barris o Sant Andreu no reciben ninguna visita de cruceristas.<\/li>\n<li>La concentraci\u00f3n m\u00e1s alta se da en las Ramblas (96,7%), plaza de Catalunya y Passeig de Gr\u00e0cia (73%) y en la Sagrada Familia (63,1%).<\/li>\n<li>La mitad de los entrevistados ya hab\u00edan visitado Barcelona anteriormente y de estos, un 78% repite la misma ruta.<\/li>\n<li>Hasta un 80% de los desplazamientos se hacen a pie y, si no, la alternativa es el transporte p\u00fablico, con el metro como primera opci\u00f3n.<\/li>\n<li>Un 95% de los visitantes dicen que es f\u00e1cil desplazarse por Barcelona y que el transporte p\u00fablico ha aportado soluciones eficientes para sus movimientos por la ciudad.<\/li>\n<\/ul>\n<p><strong>Los resultados m\u00e1s destacados de las respuestas obtenidas por los residentes son: <\/strong><\/p>\n<ul>\n<li>Un 23% de los residentes dice que la presencia de turistas les genera insatisfacci\u00f3n en el momento de moverse por la ciudad; en el momento de elegir medio de transporte e incluso dicen que han dejado de visitar espacios espec\u00edficos de la ciudad.<\/li>\n<li>Otras quejas hacen referencia a la falta de espacios de encuentro, recreo u ocio infantil y alertan de los riesgos que provocan los desechos derivados del ocio nocturno, especialmente vidrios y restos de botellones.<\/li>\n<li>Hay una p\u00e9rdida de sentimiento de pertenencia del lugar donde viven. Y ya no es un hecho excepcional de la temporada veraniega, sino que la masificaci\u00f3n se ha cronificado todo el a\u00f1o, especialmente en el Barrio G\u00f3tico y en Sagrada Familia.<\/li>\n<\/ul>\n<p>Pod\u00e9is ver los resultados del estudio <a href=\"https:\/\/view.officeapps.live.com\/op\/view.aspx?src=https%3A%2F%2Fuoc.hosting.augure.com%2FAugure_UOC%2Fr%2FContenuEnLigne%2FDownload%3Fid%3DCF1A0BFC-22DA-4D93-9BCB-74E18FC4CFE9%26filename%3DInforme%2520detallat%2520VISITMOB.docx&amp;wdOrigin=BROWSELINK\" target=\"_blank\" rel=\"noopener\"><strong>AQU\u00cd<\/strong><\/a>.<\/p>\n","protected":false},"excerpt":{"rendered":"<p>La Universitat Rovira i Virgili, en colaboraci\u00f3n con la Universitat Oberta de Catalunya, el Instituto de Salud Global de Barcelona, la Universitat Internacional de Catalunya, la Ostelea Tourism Management School y el COE Innovaci\u00f3 Tur\u00edstica del Eurecat han participado en el estudio m\u00e1s grande hecho hasta ahora sobre los problemas de movilidad de los visitantes &hellip;<\/p>\n","protected":false},"author":408,"featured_media":23028,"comment_status":"closed","ping_status":"open","sticky":false,"template":"","format":"standard","meta":[],"categories":[74],"tags":[],"_links":{"self":[{"href":"https:\/\/www.comunicatur.info\/es\/wp-json\/wp\/v2\/posts\/23031"}],"collection":[{"href":"https:\/\/www.comunicatur.info\/es\/wp-json\/wp\/v2\/posts"}],"about":[{"href":"https:\/\/www.comunicatur.info\/es\/wp-json\/wp\/v2\/types\/post"}],"author":[{"embeddable":true,"href":"https:\/\/www.comunicatur.info\/es\/wp-json\/wp\/v2\/users\/408"}],"replies":[{"embeddable":true,"href":"https:\/\/www.comunicatur.info\/es\/wp-json\/wp\/v2\/comments?post=23031"}],"version-history":[{"count":1,"href":"https:\/\/www.comunicatur.info\/es\/wp-json\/wp\/v2\/posts\/23031\/revisions"}],"predecessor-version":[{"id":23032,"href":"https:\/\/www.comunicatur.info\/es\/wp-json\/wp\/v2\/posts\/23031\/revisions\/23032"}],"wp:featuredmedia":[{"embeddable":true,"href":"https:\/\/www.comunicatur.info\/es\/wp-json\/wp\/v2\/media\/23028"}],"wp:attachment":[{"href":"https:\/\/www.comunicatur.info\/es\/wp-json\/wp\/v2\/media?parent=23031"}],"wp:term":[{"taxonomy":"category","embeddable":true,"href":"https:\/\/www.comunicatur.info\/es\/wp-json\/wp\/v2\/categories?post=23031"},{"taxonomy":"post_tag","embeddable":true,"href":"https:\/\/www.comunicatur.info\/es\/wp-json\/wp\/v2\/tags?post=23031"}],"curies":[{"name":"wp","href":"https:\/\/api.w.org\/{rel}","templated":true}]}}