{"id":23020,"date":"2023-07-07T00:00:25","date_gmt":"2023-07-06T22:00:25","guid":{"rendered":"https:\/\/www.comunicatur.info\/?p=23020"},"modified":"2023-07-05T17:30:22","modified_gmt":"2023-07-05T15:30:22","slug":"cc-oo-reclama-al-sector-un-compromiso-con-un-modelo-sostenible-social-y-laboralmente-responsable","status":"publish","type":"post","link":"https:\/\/www.comunicatur.info\/es\/cc-oo-reclama-al-sector-un-compromiso-con-un-modelo-sostenible-social-y-laboralmente-responsable\/","title":{"rendered":"CC.OO. reclama al sector un compromiso con un modelo sostenible, social y laboralmente responsable"},"content":{"rendered":"<p>Como viene siendo habitual, el Gabinete de T\u00e9cnico Federal de Servicios de CC. OO. ha elaborado su informe anual de coyuntura tur\u00edstica. En \u00e9l destacan los aspectos m\u00e1s significativos del sector y c\u00f3mo afrontar la recuperaci\u00f3n tras la pandemia.<\/p>\n<p>En este sentido, <strong>reclaman a los agentes p\u00fablicos y privados un compromiso con un modelo sostenible, social y laboralmente responsable, que permita que la recuperaci\u00f3n de la actividad tur\u00edstica no acabe con una vuelta a \u201clos vicios pasados\u201d,<\/strong> apostando por el empleo de calidad, por el desbloqueo de los convenios colectivos sectoriales y por la recuperaci\u00f3n del poder adquisitivo de las personas trabajadoras del sector.<\/p>\n<p><a href=\"https:\/\/www.ccoo-servicios.es\/archivos\/20230609-Informe-TURISMO_2022-ultimaV.pdf\" target=\"_blank\" rel=\"noopener\"><img class=\"alignright size-medium wp-image-23011\" src=\"https:\/\/www.comunicatur.info\/wp-content\/uploads\/2023\/07\/CCOO-208x300.png\" alt=\"\" width=\"208\" height=\"300\" srcset=\"https:\/\/www.comunicatur.info\/wp-content\/uploads\/2023\/07\/CCOO-208x300.png 208w, https:\/\/www.comunicatur.info\/wp-content\/uploads\/2023\/07\/CCOO.png 503w\" sizes=\"(max-width: 208px) 100vw, 208px\" \/><\/a>El informe, titulado <strong><em>\u201cEl modelo tur\u00edstico ante la encrucijada de la recuperaci\u00f3n\u201d<\/em><\/strong> consta de 36 p\u00e1ginas y est\u00e1 dividido en dos partes. En la primera se analiza profusamente los indicadores de la actividad tur\u00edstica en 2022 con muchos datos. Se da por hecho que la recuperaci\u00f3n postpand\u00e9mica ya es total y analiza las buenas perspectivas para este a\u00f1o, compar\u00e1ndolas con las que se tuvieron en 2019. L\u00f3gicamente, la situaci\u00f3n laboral ocupa una buena parte del an\u00e1lisis, <strong>pero hay muchas comparativas interesantes,<\/strong> como las relativas a la situaci\u00f3n econ\u00f3mica entre 2019 y 2022. (N\u00famero de turistas, gasto medio, ratio n\u00famero de habitaciones \/ personal empleado, ingreso por habitaci\u00f3n disponible, evoluci\u00f3n del IPC general con relaci\u00f3n al IPC de restaurantes y hoteles, etc.).<\/p>\n<p>En la segunda parte <strong>se ofrece un dec\u00e1logo de propuestas<\/strong> <strong>para 2023<\/strong> con vistas a esa transformaci\u00f3n que demanda y aborda temas como la presi\u00f3n sobre la vivienda (uno de los temas que m\u00e1s preocupa al sindicato), la adecuaci\u00f3n de la contrataci\u00f3n fija discontinua en el sector, las cargas de trabajo y la calidad de servicio, la formaci\u00f3n y promoci\u00f3n dentro de la carrera profesional o las ocupaciones de dif\u00edcil cobertura.<\/p>\n<p>Pod\u00e9is acceder al informe completo <a href=\"https:\/\/www.ccoo-servicios.es\/archivos\/20230609-Informe-TURISMO_2022-ultimaV.pdf\" target=\"_blank\" rel=\"noopener\"><strong>AQU\u00cd.<\/strong><\/a><\/p>\n<p>Si lo prefer\u00eds, tambi\u00e9n pod\u00e9is ver el v\u00eddeo de la presentaci\u00f3n del informe <a href=\"https:\/\/www.youtube.com\/watch?v=-coj_wffRt8\" target=\"_blank\" rel=\"noopener\"><strong>AQU\u00cd.<\/strong><\/a><\/p>\n<p><iframe title=\"YouTube video player\" src=\"https:\/\/www.youtube.com\/embed\/-coj_wffRt8\" width=\"560\" height=\"315\" frameborder=\"0\" allowfullscreen=\"allowfullscreen\"><\/iframe><\/p>\n","protected":false},"excerpt":{"rendered":"<p>Como viene siendo habitual, el Gabinete de T\u00e9cnico Federal de Servicios de CC. OO. ha elaborado su informe anual de coyuntura tur\u00edstica. En \u00e9l destacan los aspectos m\u00e1s significativos del sector y c\u00f3mo afrontar la recuperaci\u00f3n tras la pandemia. En este sentido, reclaman a los agentes p\u00fablicos y privados un compromiso con un modelo sostenible, &hellip;<\/p>\n","protected":false},"author":408,"featured_media":19345,"comment_status":"closed","ping_status":"open","sticky":false,"template":"","format":"standard","meta":[],"categories":[61],"tags":[],"_links":{"self":[{"href":"https:\/\/www.comunicatur.info\/es\/wp-json\/wp\/v2\/posts\/23020"}],"collection":[{"href":"https:\/\/www.comunicatur.info\/es\/wp-json\/wp\/v2\/posts"}],"about":[{"href":"https:\/\/www.comunicatur.info\/es\/wp-json\/wp\/v2\/types\/post"}],"author":[{"embeddable":true,"href":"https:\/\/www.comunicatur.info\/es\/wp-json\/wp\/v2\/users\/408"}],"replies":[{"embeddable":true,"href":"https:\/\/www.comunicatur.info\/es\/wp-json\/wp\/v2\/comments?post=23020"}],"version-history":[{"count":4,"href":"https:\/\/www.comunicatur.info\/es\/wp-json\/wp\/v2\/posts\/23020\/revisions"}],"predecessor-version":[{"id":23024,"href":"https:\/\/www.comunicatur.info\/es\/wp-json\/wp\/v2\/posts\/23020\/revisions\/23024"}],"wp:featuredmedia":[{"embeddable":true,"href":"https:\/\/www.comunicatur.info\/es\/wp-json\/wp\/v2\/media\/19345"}],"wp:attachment":[{"href":"https:\/\/www.comunicatur.info\/es\/wp-json\/wp\/v2\/media?parent=23020"}],"wp:term":[{"taxonomy":"category","embeddable":true,"href":"https:\/\/www.comunicatur.info\/es\/wp-json\/wp\/v2\/categories?post=23020"},{"taxonomy":"post_tag","embeddable":true,"href":"https:\/\/www.comunicatur.info\/es\/wp-json\/wp\/v2\/tags?post=23020"}],"curies":[{"name":"wp","href":"https:\/\/api.w.org\/{rel}","templated":true}]}}