{"id":2302,"date":"2010-05-15T23:57:34","date_gmt":"2010-05-15T23:57:34","guid":{"rendered":"https:\/\/comunicatur.info\/elvira-carles-directora-de-la-fundacio-empresa-clima-2\/"},"modified":"2010-05-15T23:57:34","modified_gmt":"2010-05-15T23:57:34","slug":"elvira-carles-directora-de-la-fundacio-empresa-clima-2","status":"publish","type":"post","link":"https:\/\/www.comunicatur.info\/es\/elvira-carles-directora-de-la-fundacio-empresa-clima-2\/","title":{"rendered":"Elvira Carles, directora de la Fundaci\u00f3n Empresa &amp; Clima"},"content":{"rendered":"<p>Los efectos del cambio clim\u00e1tico incidir\u00e1n sobre las empresas y el sector tur\u00edstico de Catalu\u00f1a. El Debate de Comunicatur.info aborda esta cuesti\u00f3n con la directora de la Fundaci\u00f3n Empresa &#038; Clina, Elvira Carles.<\/p>\n<p><img class=\"\" height=\"126\" alt=\"\" width=\"163\" src=\"https:\/\/www.comunicatur.info\/cms\/images\/stories\/fotos\/elvira_carles.jpg\" \/><\/p>\n<p>Accede a todos los programas del <em><u><a href=\"http:\/\/youtube.com\/comunicatur\" target=\"_blank\" rel=\"noopener\">Debate de Comunicatur.info<\/a><\/u><\/em><\/p>\n<p><\/p>\n<p>Intervienen en el programa la periodista Carmen Ayala, el editor de Campireport, Agust\u00ed Valls y el director institucional de Comunicatur, Enric Domingo.<\/p>\n<p><strong>Parte 1 del Debate<\/strong><\/p>\n<p><object width=\"320\" height=\"265\"><param name=\"movie\" value=\"http:\/\/www.youtube.com\/v\/kz-lH32gD5g&#038;hl=es_ES&#038;fs=1&#038;color1=0x234900&#038;color2=0x4e9e00\"><\/param><param name=\"allowFullScreen\" value=\"true\"><\/param><param name=\"allowscriptaccess\" value=\"always\"><\/param><embed src=\"http:\/\/www.youtube.com\/v\/kz-lH32gD5g&#038;hl=es_ES&#038;fs=1&#038;color1=0x234900&#038;color2=0x4e9e00\" type=\"application\/x-shockwave-flash\" allowscriptaccess=\"always\" allowfullscreen=\"true\" width=\"320\" height=\"265\"><\/embed><\/object><\/p>\n<p><a href=\" http:\/\/www.youtube.com\/watch?v=kz-lH32gD5g\">Mejor ancho de banda para este v\u00eddeo<\/a><\/p>\n<p><strong>Parte 2 del Debate<\/strong><\/p>\n<p><object width=\"320\" height=\"265\"><param name=\"movie\" value=\"http:\/\/www.youtube.com\/v\/xpbBOpOJzbA&#038;hl=es_ES&#038;fs=1&#038;color1=0x234900&#038;color2=0x4e9e00\"><\/param><param name=\"allowFullScreen\" value=\"true\"><\/param><param name=\"allowscriptaccess\" value=\"always\"><\/param><embed src=\"http:\/\/www.youtube.com\/v\/xpbBOpOJzbA&#038;hl=es_ES&#038;fs=1&#038;color1=0x234900&#038;color2=0x4e9e00\" type=\"application\/x-shockwave-flash\" allowscriptaccess=\"always\" allowfullscreen=\"true\" width=\"320\" height=\"265\"><\/embed><\/object> <\/p>\n<p><a href=\" http:\/\/www.youtube.com\/watch?v=xpbBOpOJzbA\">Mejor ancho de banda para este v\u00eddeo <\/a><\/p>\n<p><strong>Parte 3 del Debate<\/strong><\/p>\n<p><object width=\"320\" height=\"265\"><param name=\"movie\" value=\"http:\/\/www.youtube.com\/v\/5W0NUoujG4s&#038;hl=es_ES&#038;fs=1&#038;color1=0x234900&#038;color2=0x4e9e00\"><\/param><param name=\"allowFullScreen\" value=\"true\"><\/param><param name=\"allowscriptaccess\" value=\"always\"><\/param><embed src=\"http:\/\/www.youtube.com\/v\/5W0NUoujG4s&#038;hl=es_ES&#038;fs=1&#038;color1=0x234900&#038;color2=0x4e9e00\" type=\"application\/x-shockwave-flash\" allowscriptaccess=\"always\" allowfullscreen=\"true\" width=\"320\" height=\"265\"><\/embed><\/object> <\/p>\n<p><a href=\" http:\/\/www.youtube.com\/watch?v=5W0NUoujG4s\">Mejor ancho de banda para este v\u00eddeo <\/a><\/p>\n","protected":false},"excerpt":{"rendered":"<p>Los efectos del cambio clim\u00e1tico incidir\u00e1n sobre las empresas y el sector tur\u00edstico de Catalu\u00f1a. El Debate de Comunicatur.info aborda esta cuesti\u00f3n con la directora de la Fundaci\u00f3n Empresa &#038; Clina, Elvira Carles.<\/p>\n<p><img class=\"\" height=\"126\" alt=\"\" width=\"163\" src=\"https:\/\/www.comunicatur.info\/cms\/images\/stories\/fotos\/elvira_carles.jpg\" \/><\/p>\n<p>Accede a todos los programas del <em><u><a href=\"http:\/\/youtube.com\/comunicatur\">Debate de Comunicatur.info<\/a><\/u><\/em><\/p>\n","protected":false},"author":1,"featured_media":0,"comment_status":"close","ping_status":"open","sticky":false,"template":"","format":"standard","meta":[],"categories":[151],"tags":[],"_links":{"self":[{"href":"https:\/\/www.comunicatur.info\/es\/wp-json\/wp\/v2\/posts\/2302"}],"collection":[{"href":"https:\/\/www.comunicatur.info\/es\/wp-json\/wp\/v2\/posts"}],"about":[{"href":"https:\/\/www.comunicatur.info\/es\/wp-json\/wp\/v2\/types\/post"}],"author":[{"embeddable":true,"href":"https:\/\/www.comunicatur.info\/es\/wp-json\/wp\/v2\/users\/1"}],"replies":[{"embeddable":true,"href":"https:\/\/www.comunicatur.info\/es\/wp-json\/wp\/v2\/comments?post=2302"}],"version-history":[{"count":0,"href":"https:\/\/www.comunicatur.info\/es\/wp-json\/wp\/v2\/posts\/2302\/revisions"}],"wp:attachment":[{"href":"https:\/\/www.comunicatur.info\/es\/wp-json\/wp\/v2\/media?parent=2302"}],"wp:term":[{"taxonomy":"category","embeddable":true,"href":"https:\/\/www.comunicatur.info\/es\/wp-json\/wp\/v2\/categories?post=2302"},{"taxonomy":"post_tag","embeddable":true,"href":"https:\/\/www.comunicatur.info\/es\/wp-json\/wp\/v2\/tags?post=2302"}],"curies":[{"name":"wp","href":"https:\/\/api.w.org\/{rel}","templated":true}]}}