{"id":23005,"date":"2023-07-04T10:04:26","date_gmt":"2023-07-04T08:04:26","guid":{"rendered":"https:\/\/www.comunicatur.info\/?p=23005"},"modified":"2023-07-04T10:04:26","modified_gmt":"2023-07-04T08:04:26","slug":"el-ipc-da-un-respiro-y-modera-la-subida-de-precios","status":"publish","type":"post","link":"https:\/\/www.comunicatur.info\/es\/el-ipc-da-un-respiro-y-modera-la-subida-de-precios\/","title":{"rendered":"El IPC da un respiro y modera la subida de precios"},"content":{"rendered":"<p>Por primera vez en dos a\u00f1os, la inflaci\u00f3n se ha situado por debajo del 2%. El dato es muy positivo para el desarrollo econ\u00f3mico. M\u00e1s a\u00fan cuando <strong>Espa\u00f1a fue la primera econom\u00eda europea que reduce el IPC hasta el 1,9%.<\/strong><\/p>\n<p><strong>Desde abril de 2021 la escalada de los precios ha sido continuada<\/strong>, sobre todo el pasado verano. Entre los diferentes productos que m\u00e1s se han encarecido en este per\u00edodo inflacionista han destacado los tur\u00edsticos: <strong>la hosteler\u00eda, el transporte, la restauraci\u00f3n<\/strong>, as\u00ed como el alquiler de servicios vinculados.<\/p>\n<p>La situaci\u00f3n es beneficiosa para Espa\u00f1a porque al tener la menor inflaci\u00f3n de la zona euro <strong>gana en competitividad<\/strong>. Si esta moderaci\u00f3n en precios se traslada al sector tur\u00edstico podr\u00eda ayudar a revertir la <strong>ralentizaci\u00f3n que se ha detectado en las \u00faltimas semanas en las reservas internacionales hacia Espa\u00f1a.<\/strong><\/p>\n<p>Cabe recordar que <strong>hace un a\u00f1o los precios hab\u00edan subido por encima del 10%.<\/strong> Fue un verano inflacionista que afect\u00f3 al bolsillo de las familias. En el caso concreto de los espa\u00f1oles, los \u00faltimos datos del INE revelan que todav\u00eda no se han alcanzado los niveles de gasto prepandemia. <strong>Los hogares tienen menos dinero<\/strong> y la ca\u00edda del gasto ha afectado a restaurantes, hoteles y transporte. Concretamente, eliminando el efecto de la inflaci\u00f3n, los espa\u00f1oles gastan un 15% menos en transporte, un 8% menos en hoteles y restaurantes respecto a 2019.<\/p>\n","protected":false},"excerpt":{"rendered":"<p>Por primera vez en dos a\u00f1os, la inflaci\u00f3n se ha situado por debajo del 2%. El dato es muy positivo para el desarrollo econ\u00f3mico. M\u00e1s a\u00fan cuando Espa\u00f1a fue la primera econom\u00eda europea que reduce el IPC hasta el 1,9%. Desde abril de 2021 la escalada de los precios ha sido continuada, sobre todo el &hellip;<\/p>\n","protected":false},"author":408,"featured_media":23003,"comment_status":"closed","ping_status":"open","sticky":false,"template":"","format":"standard","meta":[],"categories":[64],"tags":[],"_links":{"self":[{"href":"https:\/\/www.comunicatur.info\/es\/wp-json\/wp\/v2\/posts\/23005"}],"collection":[{"href":"https:\/\/www.comunicatur.info\/es\/wp-json\/wp\/v2\/posts"}],"about":[{"href":"https:\/\/www.comunicatur.info\/es\/wp-json\/wp\/v2\/types\/post"}],"author":[{"embeddable":true,"href":"https:\/\/www.comunicatur.info\/es\/wp-json\/wp\/v2\/users\/408"}],"replies":[{"embeddable":true,"href":"https:\/\/www.comunicatur.info\/es\/wp-json\/wp\/v2\/comments?post=23005"}],"version-history":[{"count":1,"href":"https:\/\/www.comunicatur.info\/es\/wp-json\/wp\/v2\/posts\/23005\/revisions"}],"predecessor-version":[{"id":23006,"href":"https:\/\/www.comunicatur.info\/es\/wp-json\/wp\/v2\/posts\/23005\/revisions\/23006"}],"wp:featuredmedia":[{"embeddable":true,"href":"https:\/\/www.comunicatur.info\/es\/wp-json\/wp\/v2\/media\/23003"}],"wp:attachment":[{"href":"https:\/\/www.comunicatur.info\/es\/wp-json\/wp\/v2\/media?parent=23005"}],"wp:term":[{"taxonomy":"category","embeddable":true,"href":"https:\/\/www.comunicatur.info\/es\/wp-json\/wp\/v2\/categories?post=23005"},{"taxonomy":"post_tag","embeddable":true,"href":"https:\/\/www.comunicatur.info\/es\/wp-json\/wp\/v2\/tags?post=23005"}],"curies":[{"name":"wp","href":"https:\/\/api.w.org\/{rel}","templated":true}]}}