{"id":2297,"date":"2010-05-17T00:00:00","date_gmt":"2010-05-17T00:00:00","guid":{"rendered":"https:\/\/comunicatur.info\/agencies-associades-a-marsans-podrien-integrar-se-en-altres-ensenyes-2\/"},"modified":"2010-05-17T00:00:00","modified_gmt":"2010-05-17T00:00:00","slug":"agencies-associades-a-marsans-podrien-integrar-se-en-altres-ensenyes-2","status":"publish","type":"post","link":"https:\/\/www.comunicatur.info\/es\/agencies-associades-a-marsans-podrien-integrar-se-en-altres-ensenyes-2\/","title":{"rendered":"Agencias asociadas a Marsans podr\u00edan integrarse en otras ense\u00f1as"},"content":{"rendered":"<p>El 90% de las 200 agencias de viajes asociadas a Marsans han solicitado su salida del grupo y el retorno de los avales que depositaron en su dia a la compa\u00f1\u00eda. Globalia, Orizonia y Carrefour ya han establecido contactos para que se incorporen a sus respectivas ense\u00f1as. La desconfianza de los consumidores sobre la marca Marsans est\u00e1 llevando a la crisis m\u00e1s absoluta a estas agencias asociadas que pr\u00e1cticamente se han quedado sin actividad. <\/p>\n<p><\/p>\n<p>La direcci\u00f3n del grupo Marsans ha dado permiso a las asociadas que mantengan sus contratos para modificar los r\u00f3tulos de Marsans de sus oficinas e incluso retirar el logotipo, medida que habr\u00eda recibido el visto bueno del presidente y director general de la compa\u00f1\u00eda, Gonzalo Pascual. Un comunicado de la compa\u00f1\u00eda se\u00f1ala, asimismo, que para \u00abcontrarrestar las ofertas que ha lanzado la competencia\u00bb aquellos que decidan permanecer como asociados al grupo no tendr\u00e1n que facturar los &#8216;fees&#8217; &#8211;comisi\u00f3n sobre venta que se paga a Marsans en concepto de sistema, imagen y publicidad&#8211; desde abril y hasta final de a\u00f1o. <\/p>\n<p>Representantes de Halc\u00f3n Viajes del grupo Globalia y Viajes Iberia de Orizonia han empezado a exponer a las asociadas de Marsans las condiciones relativas a su posible incorporaci\u00f3n a estos touroperadores. Seg\u00fan fuentes cercanas a la operaci\u00f3n se\u00f1alaron que las negociaciones con ambas compa\u00f1\u00edas \u00abest\u00e1n ya bastante avanzadas\u00bb, aunque a\u00fan no se han llegado a concretar los t\u00e9rminos. <\/p>\n<p>Junto a estos dos grandes grupos, Carrefour tambi\u00e9n ha movido ficha y ha contactado con medio centenar de asociadas y ya se ha confirmado que algunas agencias optar\u00e1n por integrarse en la divisi\u00f3n de Viajes Carrefour.\/Ag EP<\/p>\n","protected":false},"excerpt":{"rendered":"<p>El 90% de las 200 agencias de viajes asociadas a Marsans han solicitado su salida del grupo y el retorno de los avales que depositaron en su dia a la compa\u00f1\u00eda. Globalia, Orizonia y Carrefour ya han establecido contactos para que se incorporen a sus respectivas ense\u00f1as. La desconfianza de los consumidores sobre la marca Marsans est\u00e1 llevando a la crisis m\u00e1s absoluta a estas agencias asociadas que pr\u00e1cticamente se han quedado sin actividad. <\/p>\n","protected":false},"author":1,"featured_media":0,"comment_status":"close","ping_status":"open","sticky":false,"template":"","format":"standard","meta":[],"categories":[25],"tags":[],"_links":{"self":[{"href":"https:\/\/www.comunicatur.info\/es\/wp-json\/wp\/v2\/posts\/2297"}],"collection":[{"href":"https:\/\/www.comunicatur.info\/es\/wp-json\/wp\/v2\/posts"}],"about":[{"href":"https:\/\/www.comunicatur.info\/es\/wp-json\/wp\/v2\/types\/post"}],"author":[{"embeddable":true,"href":"https:\/\/www.comunicatur.info\/es\/wp-json\/wp\/v2\/users\/1"}],"replies":[{"embeddable":true,"href":"https:\/\/www.comunicatur.info\/es\/wp-json\/wp\/v2\/comments?post=2297"}],"version-history":[{"count":0,"href":"https:\/\/www.comunicatur.info\/es\/wp-json\/wp\/v2\/posts\/2297\/revisions"}],"wp:attachment":[{"href":"https:\/\/www.comunicatur.info\/es\/wp-json\/wp\/v2\/media?parent=2297"}],"wp:term":[{"taxonomy":"category","embeddable":true,"href":"https:\/\/www.comunicatur.info\/es\/wp-json\/wp\/v2\/categories?post=2297"},{"taxonomy":"post_tag","embeddable":true,"href":"https:\/\/www.comunicatur.info\/es\/wp-json\/wp\/v2\/tags?post=2297"}],"curies":[{"name":"wp","href":"https:\/\/api.w.org\/{rel}","templated":true}]}}