{"id":22931,"date":"2023-06-22T00:00:26","date_gmt":"2023-06-21T22:00:26","guid":{"rendered":"https:\/\/www.comunicatur.info\/?p=22931"},"modified":"2023-06-21T18:55:11","modified_gmt":"2023-06-21T16:55:11","slug":"cataluna-prepara-su-plan-de-marketing-turistico-para-los-proximos-anos","status":"publish","type":"post","link":"https:\/\/www.comunicatur.info\/es\/cataluna-prepara-su-plan-de-marketing-turistico-para-los-proximos-anos\/","title":{"rendered":"Catalu\u00f1a prepara su Plan de marketing tur\u00edstico para los pr\u00f3ximos a\u00f1os"},"content":{"rendered":"<p>El Gobierno de la Generalitat de Catalu\u00f1a ha informado que comienza a elaborar el <strong>\u00abPlan de marketing de la econom\u00eda del visitante 2024-2027\u00bb<\/strong>. Ser\u00e1 la Agencia Catalana de Turismo la que establecer\u00e1 las l\u00edneas que planificar\u00e1n la estrategia de promoci\u00f3n tur\u00edstica de Catalu\u00f1a.<\/p>\n<p>Este plan <strong>\u00abdebe convertirse en la base de un cambio nuclear en la relaci\u00f3n entre administraci\u00f3n p\u00fablica, empresas, entidades, visitantes y ciudadan\u00eda\u00bb<\/strong>, afirman desde la Generalitat. Consideran que el nuevo plan de marketing <strong>\u201cdebe optar por un nuevo modelo tur\u00edstico que se caracterice, principalmente, por la aportaci\u00f3n de bienestar a la comunidad a partir de los valores de viajar\u00bb.<\/strong><\/p>\n<p>La planificaci\u00f3n tur\u00edstica y las actividades de marketing tendr\u00e1n que facilitar una <strong>mejor utilizaci\u00f3n de los recursos dedicados a la promoci\u00f3n del sector<\/strong> y ayudar a alcanzar los objetivos econ\u00f3micos, sociales y ambientales como caracterizan al llamado <strong>turismo regenerativo.<\/strong><\/p>\n<p>El Plan de Marketing de Catalu\u00f1a abordar\u00e1 cuestiones como:<\/p>\n<ul>\n<li>Repensar el modelo de organismo p\u00fablico de gesti\u00f3n, promoci\u00f3n y gobernanza que se precisa para afrontar con garant\u00edas de \u00e9xito el futuro del sector tur\u00edstico catal\u00e1n.<\/li>\n<li>Revisar y potenciar los sistemas de m\u00e9tricas, seguimiento y control de las acciones de marketing y comunicaci\u00f3n.<\/li>\n<li>Contemplar la transformaci\u00f3n digital del turismo y de su marketing.<\/li>\n<li>Despliegue y consolidaci\u00f3n del proyecto Turismo para Todos para fomentar la mejora de la calidad tur\u00edstica de los productos\/servicios\/experiencias tur\u00edsticas accesibles y generar un valor diferencial del destino catal\u00e1n.<\/li>\n<\/ul>\n","protected":false},"excerpt":{"rendered":"<p>El Gobierno de la Generalitat de Catalu\u00f1a ha informado que comienza a elaborar el \u00abPlan de marketing de la econom\u00eda del visitante 2024-2027\u00bb. Ser\u00e1 la Agencia Catalana de Turismo la que establecer\u00e1 las l\u00edneas que planificar\u00e1n la estrategia de promoci\u00f3n tur\u00edstica de Catalu\u00f1a. Este plan \u00abdebe convertirse en la base de un cambio nuclear en &hellip;<\/p>\n","protected":false},"author":408,"featured_media":22928,"comment_status":"closed","ping_status":"open","sticky":false,"template":"","format":"standard","meta":[],"categories":[62],"tags":[],"_links":{"self":[{"href":"https:\/\/www.comunicatur.info\/es\/wp-json\/wp\/v2\/posts\/22931"}],"collection":[{"href":"https:\/\/www.comunicatur.info\/es\/wp-json\/wp\/v2\/posts"}],"about":[{"href":"https:\/\/www.comunicatur.info\/es\/wp-json\/wp\/v2\/types\/post"}],"author":[{"embeddable":true,"href":"https:\/\/www.comunicatur.info\/es\/wp-json\/wp\/v2\/users\/408"}],"replies":[{"embeddable":true,"href":"https:\/\/www.comunicatur.info\/es\/wp-json\/wp\/v2\/comments?post=22931"}],"version-history":[{"count":2,"href":"https:\/\/www.comunicatur.info\/es\/wp-json\/wp\/v2\/posts\/22931\/revisions"}],"predecessor-version":[{"id":22933,"href":"https:\/\/www.comunicatur.info\/es\/wp-json\/wp\/v2\/posts\/22931\/revisions\/22933"}],"wp:featuredmedia":[{"embeddable":true,"href":"https:\/\/www.comunicatur.info\/es\/wp-json\/wp\/v2\/media\/22928"}],"wp:attachment":[{"href":"https:\/\/www.comunicatur.info\/es\/wp-json\/wp\/v2\/media?parent=22931"}],"wp:term":[{"taxonomy":"category","embeddable":true,"href":"https:\/\/www.comunicatur.info\/es\/wp-json\/wp\/v2\/categories?post=22931"},{"taxonomy":"post_tag","embeddable":true,"href":"https:\/\/www.comunicatur.info\/es\/wp-json\/wp\/v2\/tags?post=22931"}],"curies":[{"name":"wp","href":"https:\/\/api.w.org\/{rel}","templated":true}]}}