{"id":22861,"date":"2023-06-12T00:00:29","date_gmt":"2023-06-11T22:00:29","guid":{"rendered":"https:\/\/www.comunicatur.info\/?p=22861"},"modified":"2023-06-11T23:10:45","modified_gmt":"2023-06-11T21:10:45","slug":"atencion-que-puede-ralentizarse-la-temporada-de-verano","status":"publish","type":"post","link":"https:\/\/www.comunicatur.info\/es\/atencion-que-puede-ralentizarse-la-temporada-de-verano\/","title":{"rendered":"Atenci\u00f3n que puede ralentizarse la temporada de verano"},"content":{"rendered":"<p>Los mercados emisores han desacelerado las reservas para los meses de la temporada alta. El sector no esperaba un comportamiento como este. Cuando todo apuntaba a un verano de r\u00e9cord los datos actuales no van en esa l\u00ednea.<\/p>\n<p>A pesar de ello los precios no descienden y los paquetes tur\u00edsticos son sensiblemente m\u00e1s caros que el pasado verano. En algunos destinos como en las Islas Baleares incluso se alcanzan precios muy por encima de 2019 y afectar\u00e1 especialmente a los clientes espa\u00f1oles.<\/p>\n<blockquote><p>Paquetes tur\u00edsticos un 10% m\u00e1s caros<\/p><\/blockquote>\n<p>Los mercados brit\u00e1nico y alem\u00e1n que nutren de la mayor parte de turistas extranjeros a los destinos espa\u00f1oles han levantado el pie del acelerador de las reservas. Las tarifas de los paquetes est\u00e1n un 10% m\u00e1s caras. Uno de los motivos es que <strong>el transporte a\u00e9reo se ha encarecido ostensiblemente.<\/strong> Con billetes m\u00e1s caros se lastra la reserva anticipada.<\/p>\n<p><strong><img class=\"size-medium wp-image-22856 alignright\" src=\"https:\/\/www.comunicatur.info\/wp-content\/uploads\/2023\/06\/Nautica_turistas_mar_playa-300x200.jpg\" alt=\"\" width=\"300\" height=\"200\" srcset=\"https:\/\/www.comunicatur.info\/wp-content\/uploads\/2023\/06\/Nautica_turistas_mar_playa-300x200.jpg 300w, https:\/\/www.comunicatur.info\/wp-content\/uploads\/2023\/06\/Nautica_turistas_mar_playa-1024x682.jpg 1024w, https:\/\/www.comunicatur.info\/wp-content\/uploads\/2023\/06\/Nautica_turistas_mar_playa-768x512.jpg 768w, https:\/\/www.comunicatur.info\/wp-content\/uploads\/2023\/06\/Nautica_turistas_mar_playa-600x400.jpg 600w, https:\/\/www.comunicatur.info\/wp-content\/uploads\/2023\/06\/Nautica_turistas_mar_playa.jpg 1280w\" sizes=\"(max-width: 300px) 100vw, 300px\" \/>Italia y Grecia est\u00e1 compitiendo con Espa\u00f1a<\/strong> \u2013principal preferencia- por los viajeros de Alemania y el Reino Unido. Aunque Espa\u00f1a sigue siendo el destino con m\u00e1s capacidad a\u00e9rea de recepci\u00f3n de estos mercados los competidores est\u00e1n ganando terreno.<\/p>\n<p><strong>El empresariado tur\u00edstico nacional tiene poco margen de maniobra.<\/strong> No va a entrar en un cambio de estrategia de \u00faltima hora. Por ahora espera que la din\u00e1mica vuelva a virar y <strong>recupere la tendencia de los primeros meses del a\u00f1o que preve\u00edan un verano r\u00e9cord.<\/strong><\/p>\n","protected":false},"excerpt":{"rendered":"<p>Los mercados emisores han desacelerado las reservas para los meses de la temporada alta. El sector no esperaba un comportamiento como este. Cuando todo apuntaba a un verano de r\u00e9cord los datos actuales no van en esa l\u00ednea. A pesar de ello los precios no descienden y los paquetes tur\u00edsticos son sensiblemente m\u00e1s caros que &hellip;<\/p>\n","protected":false},"author":408,"featured_media":22858,"comment_status":"closed","ping_status":"open","sticky":false,"template":"","format":"standard","meta":[],"categories":[64],"tags":[],"_links":{"self":[{"href":"https:\/\/www.comunicatur.info\/es\/wp-json\/wp\/v2\/posts\/22861"}],"collection":[{"href":"https:\/\/www.comunicatur.info\/es\/wp-json\/wp\/v2\/posts"}],"about":[{"href":"https:\/\/www.comunicatur.info\/es\/wp-json\/wp\/v2\/types\/post"}],"author":[{"embeddable":true,"href":"https:\/\/www.comunicatur.info\/es\/wp-json\/wp\/v2\/users\/408"}],"replies":[{"embeddable":true,"href":"https:\/\/www.comunicatur.info\/es\/wp-json\/wp\/v2\/comments?post=22861"}],"version-history":[{"count":2,"href":"https:\/\/www.comunicatur.info\/es\/wp-json\/wp\/v2\/posts\/22861\/revisions"}],"predecessor-version":[{"id":22863,"href":"https:\/\/www.comunicatur.info\/es\/wp-json\/wp\/v2\/posts\/22861\/revisions\/22863"}],"wp:featuredmedia":[{"embeddable":true,"href":"https:\/\/www.comunicatur.info\/es\/wp-json\/wp\/v2\/media\/22858"}],"wp:attachment":[{"href":"https:\/\/www.comunicatur.info\/es\/wp-json\/wp\/v2\/media?parent=22861"}],"wp:term":[{"taxonomy":"category","embeddable":true,"href":"https:\/\/www.comunicatur.info\/es\/wp-json\/wp\/v2\/categories?post=22861"},{"taxonomy":"post_tag","embeddable":true,"href":"https:\/\/www.comunicatur.info\/es\/wp-json\/wp\/v2\/tags?post=22861"}],"curies":[{"name":"wp","href":"https:\/\/api.w.org\/{rel}","templated":true}]}}