{"id":22792,"date":"2023-06-01T00:00:43","date_gmt":"2023-05-31T22:00:43","guid":{"rendered":"https:\/\/www.comunicatur.info\/?p=22792"},"modified":"2023-06-09T12:29:32","modified_gmt":"2023-06-09T10:29:32","slug":"nacen-unos-premios-para-reconocer-a-los-creadores-de-contenidos-digitales-enogastronomicos","status":"publish","type":"post","link":"https:\/\/www.comunicatur.info\/es\/nacen-unos-premios-para-reconocer-a-los-creadores-de-contenidos-digitales-enogastronomicos\/","title":{"rendered":"Nacen unos premios para reconocer a los creadores de contenidos digitales enogastron\u00f3micos"},"content":{"rendered":"<p>La Direcci\u00f3n General de Turismo de Catalunya otorgar\u00e1 este mes de junio los primeros <a href=\"https:\/\/act.gencat.cat\/premisbiteimos\/\" target=\"_blank\" rel=\"noopener\">Premios Bite y Mos<\/a> que se entregar\u00e1n en el marco de la Gala del Enoturismo y la Gastronom\u00eda.<\/p>\n<p>Se trata de un reconocimiento a los creadores digitales que fomentan el turismo mediante contenidos enogastron\u00f3micos. La categor\u00eda Bite premiar\u00e1 a creadores digitales de \u00e1mbito mundial y la categor\u00eda Mos aquellos que sean de \u00e1mbito nacional. Pueden presentarse las candidaturas hasta el 12 de junio. Va dirigido a creadores que difunden su trabajo, tanto los propios restaurantes, cocineros y bodegas, como fot\u00f3grafos, periodistas, viajeros gastron\u00f3micos o foodies.<\/p>\n<p>Seg\u00fan la directora general de Turismo, Marta Dom\u00e8nech i Tom\u00e0s, con estos Premios <strong>\u201cse quiere poner en valor a Catalu\u00f1a como destino enogastron\u00f3mico internacional de referencia. Estos galardones deben ayudarnos a tener m\u00e1s visibilidad, deben convertirse en un gran altavoz para dar a conocer nuestra potencialidad en este \u00e1mbito\u201d.<\/strong><\/p>\n<p>Los Premios Bite y sus categor\u00edas:<\/p>\n<ul>\n<li><strong>BITE honorary award:<\/strong> premia una carrera profesional muy relevante en el \u00e1mbito enogastron\u00f3mico y que ha contribuido a poner en valor la cultura culinaria catalana mediante la creaci\u00f3n de contenido digital.<\/li>\n<li><strong>Best foodie:<\/strong> premia a la persona que desarrolle el mejor contenido mundial en el \u00e1mbito enogastron\u00f3mico.<\/li>\n<li><strong>Best winefluencer:<\/strong> premia a la persona que se considere m\u00e1s influyente mundialmente en el \u00e1mbito de la creaci\u00f3n de contenidos enol\u00f3gicos.<\/li>\n<li><strong>Best food traveller:<\/strong> premia a la persona que haga difusi\u00f3n en el \u00e1mbito de la creaci\u00f3n de contenidos gastron\u00f3micos relacionados con viajes.<\/li>\n<\/ul>\n<p>Los Premios Mos y sus categor\u00edas:<\/p>\n<ul>\n<li><strong>Mejor prescriptor\/a de la cocina catalana:<\/strong> premia al personaje p\u00fablico que hace divulgaci\u00f3n de la gastronom\u00eda catalana en los medios digitales.<\/li>\n<li><strong>Mejor embajador:<\/strong> premia al mejor creador o creadora de contenido de la gastronom\u00eda catalana.<\/li>\n<li><strong>Mejor prescriptor\/a del vino:<\/strong> premia al mejor creador o creadora de contenido en el \u00e1mbito enol\u00f3gico catal\u00e1n.<\/li>\n<li><strong>Mejor colectivo:<\/strong> premia la mejor presencia digital de un colectivo relacionado con la enogastronom\u00eda catalana.<\/li>\n<\/ul>\n<p><a href=\"https:\/\/web.gencat.cat\/ca\/tramits\/tramits-temes\/Premis-Bite-i-Mos?category=772e57bc-a82c-11e3-a972-000c29052e2c\" target=\"_blank\" rel=\"noopener\">Presentar candidaturas<\/a><\/p>\n<p><a href=\"http:\/\/act.gencat.cat\/premisbiteimos\/\" target=\"_blank\" rel=\"noopener\"><img class=\"aligncenter wp-image-22850\" src=\"https:\/\/www.comunicatur.info\/wp-content\/uploads\/2023\/06\/GalaDelsPremis_Banners_comunicatur-1-300x37.jpg\" alt=\"\" width=\"500\" height=\"62\" srcset=\"https:\/\/www.comunicatur.info\/wp-content\/uploads\/2023\/06\/GalaDelsPremis_Banners_comunicatur-1-300x37.jpg 300w, https:\/\/www.comunicatur.info\/wp-content\/uploads\/2023\/06\/GalaDelsPremis_Banners_comunicatur-1-1024x127.jpg 1024w, https:\/\/www.comunicatur.info\/wp-content\/uploads\/2023\/06\/GalaDelsPremis_Banners_comunicatur-1-768x96.jpg 768w, https:\/\/www.comunicatur.info\/wp-content\/uploads\/2023\/06\/GalaDelsPremis_Banners_comunicatur-1-600x75.jpg 600w, https:\/\/www.comunicatur.info\/wp-content\/uploads\/2023\/06\/GalaDelsPremis_Banners_comunicatur-1.jpg 1510w\" sizes=\"(max-width: 500px) 100vw, 500px\" \/><\/a><\/p>\n","protected":false},"excerpt":{"rendered":"<p>La Direcci\u00f3n General de Turismo de Catalunya otorgar\u00e1 este mes de junio los primeros Premios Bite y Mos que se entregar\u00e1n en el marco de la Gala del Enoturismo y la Gastronom\u00eda. Se trata de un reconocimiento a los creadores digitales que fomentan el turismo mediante contenidos enogastron\u00f3micos. La categor\u00eda Bite premiar\u00e1 a creadores digitales &hellip;<\/p>\n","protected":false},"author":408,"featured_media":22786,"comment_status":"closed","ping_status":"open","sticky":false,"template":"","format":"standard","meta":[],"categories":[62],"tags":[],"_links":{"self":[{"href":"https:\/\/www.comunicatur.info\/es\/wp-json\/wp\/v2\/posts\/22792"}],"collection":[{"href":"https:\/\/www.comunicatur.info\/es\/wp-json\/wp\/v2\/posts"}],"about":[{"href":"https:\/\/www.comunicatur.info\/es\/wp-json\/wp\/v2\/types\/post"}],"author":[{"embeddable":true,"href":"https:\/\/www.comunicatur.info\/es\/wp-json\/wp\/v2\/users\/408"}],"replies":[{"embeddable":true,"href":"https:\/\/www.comunicatur.info\/es\/wp-json\/wp\/v2\/comments?post=22792"}],"version-history":[{"count":4,"href":"https:\/\/www.comunicatur.info\/es\/wp-json\/wp\/v2\/posts\/22792\/revisions"}],"predecessor-version":[{"id":22852,"href":"https:\/\/www.comunicatur.info\/es\/wp-json\/wp\/v2\/posts\/22792\/revisions\/22852"}],"wp:featuredmedia":[{"embeddable":true,"href":"https:\/\/www.comunicatur.info\/es\/wp-json\/wp\/v2\/media\/22786"}],"wp:attachment":[{"href":"https:\/\/www.comunicatur.info\/es\/wp-json\/wp\/v2\/media?parent=22792"}],"wp:term":[{"taxonomy":"category","embeddable":true,"href":"https:\/\/www.comunicatur.info\/es\/wp-json\/wp\/v2\/categories?post=22792"},{"taxonomy":"post_tag","embeddable":true,"href":"https:\/\/www.comunicatur.info\/es\/wp-json\/wp\/v2\/tags?post=22792"}],"curies":[{"name":"wp","href":"https:\/\/api.w.org\/{rel}","templated":true}]}}