{"id":22755,"date":"2023-05-29T00:00:02","date_gmt":"2023-05-28T22:00:02","guid":{"rendered":"https:\/\/www.comunicatur.info\/?p=22755"},"modified":"2023-07-10T19:09:52","modified_gmt":"2023-07-10T17:09:52","slug":"tui-sorprende-anunciando-que-abrira-sucursales-fisicas-de-agencias-de-viajes","status":"publish","type":"post","link":"https:\/\/www.comunicatur.info\/es\/tui-sorprende-anunciando-que-abrira-sucursales-fisicas-de-agencias-de-viajes\/","title":{"rendered":"TUI sorprende anunciando que abrir\u00e1 sucursales f\u00edsicas de agencias de viajes"},"content":{"rendered":"<p>La gran operadora tur\u00edstica mundial TUI no sabe de tendencias y <strong>rompe la din\u00e1mica del sector<\/strong> de cierre y concentraci\u00f3n de <strong>oficinas de agencias de viajes a pie de calle<\/strong> e inaugurar\u00e1 este a\u00f1o m\u00e1s de una veintena en Reino Unido.<\/p>\n<p>Los responsables del canal de ventas han detectado un <strong>resurgimiento de los clientes que quieren una relaci\u00f3n cara a cara<\/strong> con el agente de viajes. La interacci\u00f3n que permite un <strong>asesoramiento personal y humano<\/strong> ha empujado a TUI en planificar hasta 21 nuevas tiendas en 2023.<\/p>\n<p><img class=\"size-medium wp-image-22750 alignright\" src=\"https:\/\/www.comunicatur.info\/wp-content\/uploads\/2023\/05\/agencia_viatges_minorista-300x200.jpg\" alt=\"\" width=\"300\" height=\"200\" srcset=\"https:\/\/www.comunicatur.info\/wp-content\/uploads\/2023\/05\/agencia_viatges_minorista-300x200.jpg 300w, https:\/\/www.comunicatur.info\/wp-content\/uploads\/2023\/05\/agencia_viatges_minorista-1024x682.jpg 1024w, https:\/\/www.comunicatur.info\/wp-content\/uploads\/2023\/05\/agencia_viatges_minorista-768x512.jpg 768w, https:\/\/www.comunicatur.info\/wp-content\/uploads\/2023\/05\/agencia_viatges_minorista-600x400.jpg 600w, https:\/\/www.comunicatur.info\/wp-content\/uploads\/2023\/05\/agencia_viatges_minorista.jpg 1280w\" sizes=\"(max-width: 300px) 100vw, 300px\" \/>Las personas que buscan <strong>los consejos de los expertos y la tranquilidad cuando reservan un viaje<\/strong> valoran el trabajo de los agentes minoristas. Cada tipo de cliente tiene una necesidad particular y por eso, en paralelo a la <strong>apertura de oficinas minoristas<\/strong>, TUI tambi\u00e9n incentiva la creaci\u00f3n de propuestas personalizadas mediante un <strong>motor de reservas web de paquetes din\u00e1micos.<\/strong><\/p>\n<p>Esta mayorista destaca por sus productos estandarizados y los circuitos tradicionales. La herramienta de reserva que ofrecen a los agentes de viajes en cambio <strong>permite dise\u00f1ar todo el paquete<\/strong> <em>-destino, servicios del viaje, transporte-<\/em> y acaba generando una reserva que quedar\u00e1 totalmente confirmada.<\/p>\n","protected":false},"excerpt":{"rendered":"<p>La gran operadora tur\u00edstica mundial TUI no sabe de tendencias y rompe la din\u00e1mica del sector de cierre y concentraci\u00f3n de oficinas de agencias de viajes a pie de calle e inaugurar\u00e1 este a\u00f1o m\u00e1s de una veintena en Reino Unido. Los responsables del canal de ventas han detectado un resurgimiento de los clientes que &hellip;<\/p>\n","protected":false},"author":408,"featured_media":22752,"comment_status":"closed","ping_status":"open","sticky":false,"template":"","format":"standard","meta":[],"categories":[66,61],"tags":[],"_links":{"self":[{"href":"https:\/\/www.comunicatur.info\/es\/wp-json\/wp\/v2\/posts\/22755"}],"collection":[{"href":"https:\/\/www.comunicatur.info\/es\/wp-json\/wp\/v2\/posts"}],"about":[{"href":"https:\/\/www.comunicatur.info\/es\/wp-json\/wp\/v2\/types\/post"}],"author":[{"embeddable":true,"href":"https:\/\/www.comunicatur.info\/es\/wp-json\/wp\/v2\/users\/408"}],"replies":[{"embeddable":true,"href":"https:\/\/www.comunicatur.info\/es\/wp-json\/wp\/v2\/comments?post=22755"}],"version-history":[{"count":1,"href":"https:\/\/www.comunicatur.info\/es\/wp-json\/wp\/v2\/posts\/22755\/revisions"}],"predecessor-version":[{"id":22756,"href":"https:\/\/www.comunicatur.info\/es\/wp-json\/wp\/v2\/posts\/22755\/revisions\/22756"}],"wp:featuredmedia":[{"embeddable":true,"href":"https:\/\/www.comunicatur.info\/es\/wp-json\/wp\/v2\/media\/22752"}],"wp:attachment":[{"href":"https:\/\/www.comunicatur.info\/es\/wp-json\/wp\/v2\/media?parent=22755"}],"wp:term":[{"taxonomy":"category","embeddable":true,"href":"https:\/\/www.comunicatur.info\/es\/wp-json\/wp\/v2\/categories?post=22755"},{"taxonomy":"post_tag","embeddable":true,"href":"https:\/\/www.comunicatur.info\/es\/wp-json\/wp\/v2\/tags?post=22755"}],"curies":[{"name":"wp","href":"https:\/\/api.w.org\/{rel}","templated":true}]}}