{"id":22742,"date":"2023-05-26T00:00:02","date_gmt":"2023-05-25T22:00:02","guid":{"rendered":"https:\/\/www.comunicatur.info\/?p=22742"},"modified":"2023-07-10T19:10:21","modified_gmt":"2023-07-10T17:10:21","slug":"madrid-podria-tener-ligado-un-gran-premio-de-f1-para-2025","status":"publish","type":"post","link":"https:\/\/www.comunicatur.info\/es\/madrid-podria-tener-ligado-un-gran-premio-de-f1-para-2025\/","title":{"rendered":"Madrid podr\u00eda tener ligado un Gran Premio de F1 para 2025"},"content":{"rendered":"<p><strong>Isabel D\u00edaz Ayuso<\/strong>, inmersa en las elecciones auton\u00f3micas para la <strong>Comunidad de Madrid,<\/strong> ha lanzado una notica con carga de profundidad. Ha reconocido que est\u00e1 negociando con la organizaci\u00f3n de la <strong>F\u00f3rmula 1<\/strong> para celebrar un Gran Premio.<\/p>\n<p>El anuncio podr\u00eda suponer que el <strong>Circuit de Barcelona &#8211; Catalunya<\/strong> que actualmente acoge los grandes premios de Espa\u00f1a perder\u00eda este reclamo en beneficio de Madrid. La presidenta de la Comunidad ha declarado en el programa de radio <em>\u201cHerrera en la COPE\u201d<\/em> que la operaci\u00f3n no la realiza en detrimento de Catalu\u00f1a. <strong>\u201cOtra cosa es si la organizaci\u00f3n quiere permanecer en Catalu\u00f1a o no, eso es distinto a la negociaci\u00f3n que nosotros emprendimos y que va por buen camino\u201d<\/strong>, ha afirmado.<\/p>\n<blockquote><p><strong>Ni un euro p\u00fablico<\/strong><\/p><\/blockquote>\n<p>Ayuso ha ensalzado <strong>la proyecci\u00f3n internacional que conseguir\u00eda Madrid lig\u00e1ndose a la F1.<\/strong> En su anuncio ha querido dejar claro que no va a destinar <strong>\u201cni un euro de dinero p\u00fablico\u201d.<\/strong> Este aspecto es justo el punto cr\u00edtico para la celebraci\u00f3n de los GP de F1 en Catalu\u00f1a ya que suponen una sangr\u00eda a las arcas p\u00fablicas de la Generalitat.<\/p>\n<p><strong>\u201cEn pocas semanas sabremos el resultado\u201d<\/strong>, ha declarado la presidenta de la Comunidad. Si todo va bien <strong>el gran circo de la F\u00f3rmula 1 llegar\u00eda a Madrid entorno al 2025.<\/strong> Ayuso no ha querido dar m\u00e1s detalles del proyecto y de qu\u00e9 tipo de formulaci\u00f3n realizar\u00e1 para no destinar dinero p\u00fablico <strong>algo que en Catalu\u00f1a no han conseguido nunca.<\/strong><\/p>\n<p>Desde hace a\u00f1os que se barajaba una jugada como esta por parte de la Comunidad de Madrid. La carrera podr\u00eda tratarse de <strong>un trazado urbano o semiurbano entorno a IFEMA.<\/strong> Por cierto, el Circuit de Catalunya todav\u00eda tendr\u00e1 contrato con la F1 en ese a\u00f1o. Quiz\u00e1 la intenci\u00f3n de la propietaria del circo automovil\u00edstico, <strong>Liberty Media<\/strong>, sea establecer turnos rotatorios entre ciudades europeas.<\/p>\n","protected":false},"excerpt":{"rendered":"<p>Isabel D\u00edaz Ayuso, inmersa en las elecciones auton\u00f3micas para la Comunidad de Madrid, ha lanzado una notica con carga de profundidad. Ha reconocido que est\u00e1 negociando con la organizaci\u00f3n de la F\u00f3rmula 1 para celebrar un Gran Premio. El anuncio podr\u00eda suponer que el Circuit de Barcelona &#8211; Catalunya que actualmente acoge los grandes premios &hellip;<\/p>\n","protected":false},"author":408,"featured_media":22744,"comment_status":"closed","ping_status":"open","sticky":false,"template":"","format":"standard","meta":[],"categories":[62,64],"tags":[],"_links":{"self":[{"href":"https:\/\/www.comunicatur.info\/es\/wp-json\/wp\/v2\/posts\/22742"}],"collection":[{"href":"https:\/\/www.comunicatur.info\/es\/wp-json\/wp\/v2\/posts"}],"about":[{"href":"https:\/\/www.comunicatur.info\/es\/wp-json\/wp\/v2\/types\/post"}],"author":[{"embeddable":true,"href":"https:\/\/www.comunicatur.info\/es\/wp-json\/wp\/v2\/users\/408"}],"replies":[{"embeddable":true,"href":"https:\/\/www.comunicatur.info\/es\/wp-json\/wp\/v2\/comments?post=22742"}],"version-history":[{"count":1,"href":"https:\/\/www.comunicatur.info\/es\/wp-json\/wp\/v2\/posts\/22742\/revisions"}],"predecessor-version":[{"id":22743,"href":"https:\/\/www.comunicatur.info\/es\/wp-json\/wp\/v2\/posts\/22742\/revisions\/22743"}],"wp:featuredmedia":[{"embeddable":true,"href":"https:\/\/www.comunicatur.info\/es\/wp-json\/wp\/v2\/media\/22744"}],"wp:attachment":[{"href":"https:\/\/www.comunicatur.info\/es\/wp-json\/wp\/v2\/media?parent=22742"}],"wp:term":[{"taxonomy":"category","embeddable":true,"href":"https:\/\/www.comunicatur.info\/es\/wp-json\/wp\/v2\/categories?post=22742"},{"taxonomy":"post_tag","embeddable":true,"href":"https:\/\/www.comunicatur.info\/es\/wp-json\/wp\/v2\/tags?post=22742"}],"curies":[{"name":"wp","href":"https:\/\/api.w.org\/{rel}","templated":true}]}}