{"id":22732,"date":"2023-05-25T00:00:12","date_gmt":"2023-05-24T22:00:12","guid":{"rendered":"https:\/\/www.comunicatur.info\/?p=22732"},"modified":"2023-07-10T19:10:38","modified_gmt":"2023-07-10T17:10:38","slug":"suena-de-nuevo-la-posible-fusion-emirates-etihad","status":"publish","type":"post","link":"https:\/\/www.comunicatur.info\/es\/suena-de-nuevo-la-posible-fusion-emirates-etihad\/","title":{"rendered":"Suena de nuevo la posible fusi\u00f3n Emirates-Etihad"},"content":{"rendered":"<p>Los <strong>Emiratos \u00c1rabes Unidos<\/strong> cuentan con dos compa\u00f1\u00edas gubernamentales que son a la vez dos de las grandes aerol\u00edneas mundiales. <strong>Etihad<\/strong> y <strong>Emirates<\/strong> han acordado asociarse en un acuerdo que muchos vaticinan como el preludio de una fusi\u00f3n.<\/p>\n<p>El pa\u00eds es peque\u00f1o, est\u00e1 formado por siete emiratos, y <strong>no est\u00e1 claro qu\u00e9 ventaja supone contar con dos compa\u00f1\u00edas de bandera.<\/strong> Operan para todo el mundo desde dos aeropuertos muy cercanos. Emirates desde Dubai y Etihad desde Abu Dhabi, sus aeropuertos est\u00e1n situados a una distancia no superior a los 150 km.<\/p>\n<blockquote><p>La s\u00faper aerol\u00ednea de Oriente Medio<\/p><\/blockquote>\n<p>Antes de que llegara la pandemia empezaron a cerrar acuerdos bilaterales en diferentes \u00e1mbitos. Sus responsables siempre niegan que la intenci\u00f3n final sea la integraci\u00f3n en una misma matriz, pero el rumor viene circulando en los \u00faltimos cinco a\u00f1os. Significar\u00eda el nacimiento de la s\u00faper aerol\u00ednea de Oriente Medio. <strong>Mantener dos redes de conexiones a\u00e9reas internacionales que coinciden en un mismo territorio no parece ser lo m\u00e1s eficiente.<\/strong><\/p>\n<p><strong><img class=\"alignleft size-medium wp-image-22726\" src=\"https:\/\/www.comunicatur.info\/wp-content\/uploads\/2023\/05\/Emirates_avion-300x222.jpg\" alt=\"\" width=\"300\" height=\"222\" srcset=\"https:\/\/www.comunicatur.info\/wp-content\/uploads\/2023\/05\/Emirates_avion-300x222.jpg 300w, https:\/\/www.comunicatur.info\/wp-content\/uploads\/2023\/05\/Emirates_avion-1024x757.jpg 1024w, https:\/\/www.comunicatur.info\/wp-content\/uploads\/2023\/05\/Emirates_avion-768x568.jpg 768w, https:\/\/www.comunicatur.info\/wp-content\/uploads\/2023\/05\/Emirates_avion-600x444.jpg 600w, https:\/\/www.comunicatur.info\/wp-content\/uploads\/2023\/05\/Emirates_avion-1536x1135.jpg 1536w, https:\/\/www.comunicatur.info\/wp-content\/uploads\/2023\/05\/Emirates_avion-2048x1514.jpg 2048w\" sizes=\"(max-width: 300px) 100vw, 300px\" \/>Etihad y Emirates son el brazo ejecutor de la estrategia del gobierno de los Emiratos \u00c1rabes Unidos para promover el turismo y convertirse en un destino global.<\/strong> Han anunciado este acuerdo llamado \u00abinterl\u00ednea\u00bb que permite a los pasajeros visitar los emiratos y poder volver a su pa\u00eds de origen saliendo de un aeropuerto diferente al que lleg\u00f3. Adem\u00e1s, la <strong>situaci\u00f3n geogr\u00e1fica estrat\u00e9gica de este pa\u00eds del golfo<\/strong>, entre los continentes europeo y asi\u00e1tico, tambi\u00e9n dar\u00e1 una oportunidad a los viajeros que quieran realizar una parada de unos d\u00edas en su viaje intercontinental.<\/p>\n<p>Por d\u00e9cimo a\u00f1o consecutivo, Emirates volvi\u00f3 a alzarse con el galard\u00f3n a la <em><strong>\u00abMejor Aerol\u00ednea del Mundo\u00bb<\/strong> <\/em>en los Business Traveller Middle East Awards 2023. Adem\u00e1s, el grupo Emirates, en su informe anual 2022-23, ha presentado <strong>el a\u00f1o m\u00e1s rentable de su historia<\/strong> alcanzando un nuevo r\u00e9cord de beneficios de 3.000 millones de d\u00f3lares.<\/p>\n","protected":false},"excerpt":{"rendered":"<p>Los Emiratos \u00c1rabes Unidos cuentan con dos compa\u00f1\u00edas gubernamentales que son a la vez dos de las grandes aerol\u00edneas mundiales. Etihad y Emirates han acordado asociarse en un acuerdo que muchos vaticinan como el preludio de una fusi\u00f3n. El pa\u00eds es peque\u00f1o, est\u00e1 formado por siete emiratos, y no est\u00e1 claro qu\u00e9 ventaja supone contar &hellip;<\/p>\n","protected":false},"author":408,"featured_media":22722,"comment_status":"closed","ping_status":"open","sticky":false,"template":"","format":"standard","meta":[],"categories":[61,65],"tags":[],"_links":{"self":[{"href":"https:\/\/www.comunicatur.info\/es\/wp-json\/wp\/v2\/posts\/22732"}],"collection":[{"href":"https:\/\/www.comunicatur.info\/es\/wp-json\/wp\/v2\/posts"}],"about":[{"href":"https:\/\/www.comunicatur.info\/es\/wp-json\/wp\/v2\/types\/post"}],"author":[{"embeddable":true,"href":"https:\/\/www.comunicatur.info\/es\/wp-json\/wp\/v2\/users\/408"}],"replies":[{"embeddable":true,"href":"https:\/\/www.comunicatur.info\/es\/wp-json\/wp\/v2\/comments?post=22732"}],"version-history":[{"count":3,"href":"https:\/\/www.comunicatur.info\/es\/wp-json\/wp\/v2\/posts\/22732\/revisions"}],"predecessor-version":[{"id":22735,"href":"https:\/\/www.comunicatur.info\/es\/wp-json\/wp\/v2\/posts\/22732\/revisions\/22735"}],"wp:featuredmedia":[{"embeddable":true,"href":"https:\/\/www.comunicatur.info\/es\/wp-json\/wp\/v2\/media\/22722"}],"wp:attachment":[{"href":"https:\/\/www.comunicatur.info\/es\/wp-json\/wp\/v2\/media?parent=22732"}],"wp:term":[{"taxonomy":"category","embeddable":true,"href":"https:\/\/www.comunicatur.info\/es\/wp-json\/wp\/v2\/categories?post=22732"},{"taxonomy":"post_tag","embeddable":true,"href":"https:\/\/www.comunicatur.info\/es\/wp-json\/wp\/v2\/tags?post=22732"}],"curies":[{"name":"wp","href":"https:\/\/api.w.org\/{rel}","templated":true}]}}