{"id":22696,"date":"2023-05-22T00:00:24","date_gmt":"2023-05-21T22:00:24","guid":{"rendered":"https:\/\/www.comunicatur.info\/?p=22696"},"modified":"2023-05-21T17:55:02","modified_gmt":"2023-05-21T15:55:02","slug":"rafa-nadal-inaugura-su-hotel-en-palmanova-para-este-verano","status":"publish","type":"post","link":"https:\/\/www.comunicatur.info\/es\/rafa-nadal-inaugura-su-hotel-en-palmanova-para-este-verano\/","title":{"rendered":"Rafa Nadal inaugura su hotel en Palmanova para este verano"},"content":{"rendered":"<p>Este mes de julio abrir\u00e1 las puertas el hotel <strong>ZEL Mallorca<\/strong> la propuesta de negocio conjunto de Meli\u00e1 Hotels International y el deportista Rafael Nadal. El establecimiento de 165 habitaciones <strong>es el primero de una veintena m\u00e1s que se abrir\u00e1n en los pr\u00f3ximos cinco a\u00f1os.<\/strong><\/p>\n<p>El tenista espa\u00f1ol, que seg\u00fan <em>Forbes<\/em> posee una fortuna de 250 millones de euros, cuenta con un holding de inversiones en diferentes campos, tanto deportivo como inmobiliario. La inversi\u00f3n junto a Meli\u00e1 es una m\u00e1s de las que realizan sus veinte sociedades.<\/p>\n<p>En esta aventura hotelera Nadal explica que ha querido dar un toque personal a los ZEL. El concepto ser\u00eda el resultado de sumar Mediterr\u00e1neo con hospitalidad en un ambiente relajante. <strong>\u201cTodo el mundo sabe que me gusta navegar, comer en un chiringuito de playa o en el beach club junto a la familia y amigos\u201d<\/strong>, explica el deportista, <strong>\u201cesto es lo que quer\u00edamos transmitir con ZEL y creo que lo hemos conseguido\u201d<\/strong>, sentencia.<\/p>\n<p>Las habitaciones de este hotel de <strong>Palmanova (Calvi\u00e1)<\/strong> cuentan con bonitas vistas al mar, adem\u00e1s de unos servicios de salud, deportivos y bienestar muy pensados.<\/p>\n<p>El acuerdo con <strong>Meli\u00e1<\/strong> planea para esta nueva l\u00ednea hoteles de categor\u00eda cuatro estrellas superior que <strong>se ubicar\u00e1n indistintamente en grandes capitales como en destinos vacacionales.<\/strong> El plan de expansi\u00f3n de la marca se realiza con la reconversi\u00f3n de una mayor\u00eda de establecimientos ya existentes que coger\u00e1n los atributos de ZEL y una peque\u00f1a parte ser\u00e1n hoteles de nueva construcci\u00f3n.<\/p>\n","protected":false},"excerpt":{"rendered":"<p>Este mes de julio abrir\u00e1 las puertas el hotel ZEL Mallorca la propuesta de negocio conjunto de Meli\u00e1 Hotels International y el deportista Rafael Nadal. El establecimiento de 165 habitaciones es el primero de una veintena m\u00e1s que se abrir\u00e1n en los pr\u00f3ximos cinco a\u00f1os. El tenista espa\u00f1ol, que seg\u00fan Forbes posee una fortuna de &hellip;<\/p>\n","protected":false},"author":408,"featured_media":22694,"comment_status":"closed","ping_status":"open","sticky":false,"template":"","format":"standard","meta":[],"categories":[59],"tags":[],"_links":{"self":[{"href":"https:\/\/www.comunicatur.info\/es\/wp-json\/wp\/v2\/posts\/22696"}],"collection":[{"href":"https:\/\/www.comunicatur.info\/es\/wp-json\/wp\/v2\/posts"}],"about":[{"href":"https:\/\/www.comunicatur.info\/es\/wp-json\/wp\/v2\/types\/post"}],"author":[{"embeddable":true,"href":"https:\/\/www.comunicatur.info\/es\/wp-json\/wp\/v2\/users\/408"}],"replies":[{"embeddable":true,"href":"https:\/\/www.comunicatur.info\/es\/wp-json\/wp\/v2\/comments?post=22696"}],"version-history":[{"count":1,"href":"https:\/\/www.comunicatur.info\/es\/wp-json\/wp\/v2\/posts\/22696\/revisions"}],"predecessor-version":[{"id":22699,"href":"https:\/\/www.comunicatur.info\/es\/wp-json\/wp\/v2\/posts\/22696\/revisions\/22699"}],"wp:featuredmedia":[{"embeddable":true,"href":"https:\/\/www.comunicatur.info\/es\/wp-json\/wp\/v2\/media\/22694"}],"wp:attachment":[{"href":"https:\/\/www.comunicatur.info\/es\/wp-json\/wp\/v2\/media?parent=22696"}],"wp:term":[{"taxonomy":"category","embeddable":true,"href":"https:\/\/www.comunicatur.info\/es\/wp-json\/wp\/v2\/categories?post=22696"},{"taxonomy":"post_tag","embeddable":true,"href":"https:\/\/www.comunicatur.info\/es\/wp-json\/wp\/v2\/tags?post=22696"}],"curies":[{"name":"wp","href":"https:\/\/api.w.org\/{rel}","templated":true}]}}