{"id":22643,"date":"2023-05-16T00:00:51","date_gmt":"2023-05-15T22:00:51","guid":{"rendered":"https:\/\/www.comunicatur.info\/?p=22643"},"modified":"2023-07-10T19:07:03","modified_gmt":"2023-07-10T17:07:03","slug":"el-boom-de-amadeus","status":"publish","type":"post","link":"https:\/\/www.comunicatur.info\/es\/el-boom-de-amadeus\/","title":{"rendered":"El boom de Amadeus"},"content":{"rendered":"<p>El proveedor de servicios tur\u00edsticos Amadeus ha presentado resultados de la primera parte del a\u00f1o. La compa\u00f1\u00eda ha multiplicado casi por tres los beneficios en los primeros tres meses del a\u00f1o respecto al pasado a\u00f1o.<\/p>\n<p>Si de enero a marzo de 2022 <strong>gan\u00f3 sobre los 80 millones de euros,<\/strong> en el mismo periodo de lo que va de a\u00f1o las ganancias <strong>han sido superiores a los 260 millones.<\/strong> Estos resultados se acercan a los que ten\u00eda la empresa antes de la pandemia. Amadeus est\u00e1 recuper\u00e1ndose y es una de las empresas espa\u00f1olas que m\u00e1s se han revalorizado en la bolsa junto a Inditex y Aena. Es curioso ver como el ritmo de los beneficios coincide y va a la par del ritmo de recuperaci\u00f3n de los viajes y el turismo en general.<\/p>\n<p>Amadeus lleva facturados en el primer trimestre <strong>s\u00f3lo un 7% menos que en 2019.<\/strong> De los 1.300 millones de enero a marzo, 640 corresponden al \u00e1mbito a\u00e9reo.<strong> La venta de billetes de avi\u00f3n est\u00e1 tirando del carro.<\/strong><\/p>\n","protected":false},"excerpt":{"rendered":"<p>El proveedor de servicios tur\u00edsticos Amadeus ha presentado resultados de la primera parte del a\u00f1o. La compa\u00f1\u00eda ha multiplicado casi por tres los beneficios en los primeros tres meses del a\u00f1o respecto al pasado a\u00f1o. Si de enero a marzo de 2022 gan\u00f3 sobre los 80 millones de euros, en el mismo periodo de lo &hellip;<\/p>\n","protected":false},"author":408,"featured_media":18830,"comment_status":"closed","ping_status":"open","sticky":false,"template":"","format":"standard","meta":[],"categories":[66,61],"tags":[],"_links":{"self":[{"href":"https:\/\/www.comunicatur.info\/es\/wp-json\/wp\/v2\/posts\/22643"}],"collection":[{"href":"https:\/\/www.comunicatur.info\/es\/wp-json\/wp\/v2\/posts"}],"about":[{"href":"https:\/\/www.comunicatur.info\/es\/wp-json\/wp\/v2\/types\/post"}],"author":[{"embeddable":true,"href":"https:\/\/www.comunicatur.info\/es\/wp-json\/wp\/v2\/users\/408"}],"replies":[{"embeddable":true,"href":"https:\/\/www.comunicatur.info\/es\/wp-json\/wp\/v2\/comments?post=22643"}],"version-history":[{"count":2,"href":"https:\/\/www.comunicatur.info\/es\/wp-json\/wp\/v2\/posts\/22643\/revisions"}],"predecessor-version":[{"id":22661,"href":"https:\/\/www.comunicatur.info\/es\/wp-json\/wp\/v2\/posts\/22643\/revisions\/22661"}],"wp:featuredmedia":[{"embeddable":true,"href":"https:\/\/www.comunicatur.info\/es\/wp-json\/wp\/v2\/media\/18830"}],"wp:attachment":[{"href":"https:\/\/www.comunicatur.info\/es\/wp-json\/wp\/v2\/media?parent=22643"}],"wp:term":[{"taxonomy":"category","embeddable":true,"href":"https:\/\/www.comunicatur.info\/es\/wp-json\/wp\/v2\/categories?post=22643"},{"taxonomy":"post_tag","embeddable":true,"href":"https:\/\/www.comunicatur.info\/es\/wp-json\/wp\/v2\/tags?post=22643"}],"curies":[{"name":"wp","href":"https:\/\/api.w.org\/{rel}","templated":true}]}}