{"id":22634,"date":"2023-05-15T00:00:16","date_gmt":"2023-05-14T22:00:16","guid":{"rendered":"https:\/\/www.comunicatur.info\/?p=22634"},"modified":"2023-07-10T19:07:27","modified_gmt":"2023-07-10T17:07:27","slug":"el-prat-aun-no-ha-recuperado-el-trafico-de-antes-de-la-covid","status":"publish","type":"post","link":"https:\/\/www.comunicatur.info\/es\/el-prat-aun-no-ha-recuperado-el-trafico-de-antes-de-la-covid\/","title":{"rendered":"El Prat a\u00fan no ha recuperado el tr\u00e1fico de antes de la Covid"},"content":{"rendered":"<p>El Aeropuerto de Barcelona ha sumado 14,2 millones de pasajeros en el per\u00edodo enero-abril de 2023. El dato es un 43% superior al del 2022 pero un 6% inferior al del 2019. Y es que <strong>ha cerrado el mes de abril con un 9,6% menos en el n\u00famero de operaciones<\/strong> y un <strong>7,1% menos de pasajeros que en el mismo mes de 2019.<\/strong><\/p>\n<p><strong><img class=\"alignright size-medium wp-image-19334\" src=\"https:\/\/www.comunicatur.info\/wp-content\/uploads\/2021\/09\/aeroport_terminal-300x189.jpg\" alt=\"\" width=\"300\" height=\"189\" srcset=\"https:\/\/www.comunicatur.info\/wp-content\/uploads\/2021\/09\/aeroport_terminal-300x189.jpg 300w, https:\/\/www.comunicatur.info\/wp-content\/uploads\/2021\/09\/aeroport_terminal-768x485.jpg 768w, https:\/\/www.comunicatur.info\/wp-content\/uploads\/2021\/09\/aeroport_terminal-1024x646.jpg 1024w, https:\/\/www.comunicatur.info\/wp-content\/uploads\/2021\/09\/aeroport_terminal-600x379.jpg 600w, https:\/\/www.comunicatur.info\/wp-content\/uploads\/2021\/09\/aeroport_terminal.jpg 1440w\" sizes=\"(max-width: 300px) 100vw, 300px\" \/>El Prat a\u00fan no ha alcanzado los niveles pre-pandemia<\/strong> mientras el conjunto del sistema aeroportuario espa\u00f1ol ya los ha superado. <strong>La red de Aena est\u00e1 casi dos puntos porcentuales por encima en n\u00famero de pasajeros.<\/strong><\/p>\n<p>Nada hac\u00eda indicar que <strong>El Prat ser\u00eda uno de los aeropuertos que estar\u00edan en la cola de la recuperaci\u00f3n.<\/strong> Su explicaci\u00f3n es la vinculaci\u00f3n que tiene Barcelona con el turismo ruso y asi\u00e1tico, m\u00e1s que otros destinos del estado.<\/p>\n<p>Los datos del primer cuatrimestre para los otros dos aeropuertos catalanes son bien opuestos. El aeropuerto de <strong>Reus lleva un 30% m\u00e1s de pasajeros<\/strong> que en 2019 y <strong>Girona se encuentra con la mitad de viajeros<\/strong> que antes de la pandemia.<\/p>\n<blockquote><p>La red de Aena ya supera en 1,9% los pasajeros del 2019<\/p><\/blockquote>\n<p>Los aeropuertos espa\u00f1oles han gestionado <strong>77,4 millones de pasajeros en el primer cuatrimestre del a\u00f1o<\/strong>, un <strong>32,7% m\u00e1s<\/strong> y un 1,9% m\u00e1s que en los cuatro primeros meses de 2022 y 2019 respectivamente.<\/p>\n<p><strong><u>Pasajeros del mes de abril \/ (variaci\u00f3n sobre el mismo mes de 2019): <\/u><\/strong><\/p>\n<p>Madrid-Barajas: 4,8 millones (-3,6%)<\/p>\n<p>Barcelona-El Prat: 4,2 millones (-7,1%)<\/p>\n<p>Palma de Mallorca: 2,7 millones (+8,6%)<\/p>\n<p>M\u00e1laga-Costa del Sol: 2 millones (+10,6%)<\/p>\n<p>Alicante-Elche: 1,4 millones (+7%)<\/p>\n<p>Gran Canaria: 1,1 millones (+5,6%)<\/p>\n<p>Tenerife Sur: 1 mill\u00f3n (+8,5%)<\/p>\n","protected":false},"excerpt":{"rendered":"<p>El Aeropuerto de Barcelona ha sumado 14,2 millones de pasajeros en el per\u00edodo enero-abril de 2023. El dato es un 43% superior al del 2022 pero un 6% inferior al del 2019. Y es que ha cerrado el mes de abril con un 9,6% menos en el n\u00famero de operaciones y un 7,1% menos de &hellip;<\/p>\n","protected":false},"author":408,"featured_media":22629,"comment_status":"closed","ping_status":"open","sticky":false,"template":"","format":"standard","meta":[],"categories":[65],"tags":[],"_links":{"self":[{"href":"https:\/\/www.comunicatur.info\/es\/wp-json\/wp\/v2\/posts\/22634"}],"collection":[{"href":"https:\/\/www.comunicatur.info\/es\/wp-json\/wp\/v2\/posts"}],"about":[{"href":"https:\/\/www.comunicatur.info\/es\/wp-json\/wp\/v2\/types\/post"}],"author":[{"embeddable":true,"href":"https:\/\/www.comunicatur.info\/es\/wp-json\/wp\/v2\/users\/408"}],"replies":[{"embeddable":true,"href":"https:\/\/www.comunicatur.info\/es\/wp-json\/wp\/v2\/comments?post=22634"}],"version-history":[{"count":3,"href":"https:\/\/www.comunicatur.info\/es\/wp-json\/wp\/v2\/posts\/22634\/revisions"}],"predecessor-version":[{"id":22638,"href":"https:\/\/www.comunicatur.info\/es\/wp-json\/wp\/v2\/posts\/22634\/revisions\/22638"}],"wp:featuredmedia":[{"embeddable":true,"href":"https:\/\/www.comunicatur.info\/es\/wp-json\/wp\/v2\/media\/22629"}],"wp:attachment":[{"href":"https:\/\/www.comunicatur.info\/es\/wp-json\/wp\/v2\/media?parent=22634"}],"wp:term":[{"taxonomy":"category","embeddable":true,"href":"https:\/\/www.comunicatur.info\/es\/wp-json\/wp\/v2\/categories?post=22634"},{"taxonomy":"post_tag","embeddable":true,"href":"https:\/\/www.comunicatur.info\/es\/wp-json\/wp\/v2\/tags?post=22634"}],"curies":[{"name":"wp","href":"https:\/\/api.w.org\/{rel}","templated":true}]}}