{"id":2241,"date":"2010-04-21T09:25:14","date_gmt":"2010-04-21T09:25:14","guid":{"rendered":"https:\/\/comunicatur.info\/agencies-catalanes-demanen-al-govern-sensibilitat-davant-de-les-perdues-del-sector-2\/"},"modified":"2010-04-21T09:25:14","modified_gmt":"2010-04-21T09:25:14","slug":"agencies-catalanes-demanen-al-govern-sensibilitat-davant-de-les-perdues-del-sector-2","status":"publish","type":"post","link":"https:\/\/www.comunicatur.info\/es\/agencies-catalanes-demanen-al-govern-sensibilitat-davant-de-les-perdues-del-sector-2\/","title":{"rendered":"Agencias de viajes catalanas piden al Gobierno sensibilidad ante las p\u00e9rdidas del sector"},"content":{"rendered":"\n<p>La Uni\u00f3n Catalana de Agencias de Viajes Emisoras (Ucave) inst\u00f3 hoy a la Administraci\u00f3n a tener en cuenta las p\u00e9rdidas que la nube volc\u00e1nica y sus consecuencias sobre el tr\u00e1fico a\u00e9reo han tenido no s\u00f3lo sobre las aerol\u00edneas, sino sobre el conjunto de la industria tur\u00edstica. <\/p>\n<p><\/p>\n<p>La entidad exigi\u00f3 al Gobierno no olvidar que las propias compa\u00f1\u00edas a\u00e9reas ya han dicho que no podr\u00e1n soportar el coste econ\u00f3mico, y pidi\u00f3 que tambi\u00e9n valoren el trabajo de apoyo que ofrecen las agencias si en alg\u00fan momento se plantea ofrecer alg\u00fan tipo de ayudas al sector. <\/p>\n<p>Ucave expres\u00f3 el apoyo a las aerol\u00edneas y destac\u00f3 que, desde las agencias de viajes, trabajan \u00abcontra reloj\u00bb para buscar alternativas a los clientes que se han visto atrapados estos d\u00edas despu\u00e9s de que la entrada en erupci\u00f3n de un volc\u00e1n en Islandia obligara a interrumpir el tr\u00e1fico a\u00e9reo en numerosos aeropuertos europeos.\/Ag EP<\/p>\n","protected":false},"excerpt":{"rendered":"\n<p>La Uni\u00f3n Catalana de Agencias de Viajes Emisoras (Ucave) inst\u00f3 hoy a la Administraci\u00f3n a tener en cuenta las p\u00e9rdidas que la nube volc\u00e1nica y sus consecuencias sobre el tr\u00e1fico a\u00e9reo han tenido no s\u00f3lo sobre las aerol\u00edneas, sino sobre el conjunto de la industria tur\u00edstica. <\/p>\n","protected":false},"author":1,"featured_media":0,"comment_status":"close","ping_status":"open","sticky":false,"template":"","format":"standard","meta":[],"categories":[68],"tags":[],"_links":{"self":[{"href":"https:\/\/www.comunicatur.info\/es\/wp-json\/wp\/v2\/posts\/2241"}],"collection":[{"href":"https:\/\/www.comunicatur.info\/es\/wp-json\/wp\/v2\/posts"}],"about":[{"href":"https:\/\/www.comunicatur.info\/es\/wp-json\/wp\/v2\/types\/post"}],"author":[{"embeddable":true,"href":"https:\/\/www.comunicatur.info\/es\/wp-json\/wp\/v2\/users\/1"}],"replies":[{"embeddable":true,"href":"https:\/\/www.comunicatur.info\/es\/wp-json\/wp\/v2\/comments?post=2241"}],"version-history":[{"count":0,"href":"https:\/\/www.comunicatur.info\/es\/wp-json\/wp\/v2\/posts\/2241\/revisions"}],"wp:attachment":[{"href":"https:\/\/www.comunicatur.info\/es\/wp-json\/wp\/v2\/media?parent=2241"}],"wp:term":[{"taxonomy":"category","embeddable":true,"href":"https:\/\/www.comunicatur.info\/es\/wp-json\/wp\/v2\/categories?post=2241"},{"taxonomy":"post_tag","embeddable":true,"href":"https:\/\/www.comunicatur.info\/es\/wp-json\/wp\/v2\/tags?post=2241"}],"curies":[{"name":"wp","href":"https:\/\/api.w.org\/{rel}","templated":true}]}}