{"id":22366,"date":"2023-04-13T00:00:13","date_gmt":"2023-04-12T22:00:13","guid":{"rendered":"https:\/\/www.comunicatur.info\/?p=22366"},"modified":"2023-04-12T15:20:32","modified_gmt":"2023-04-12T13:20:32","slug":"la-temporada-de-esqui-2022-2023-cierra-con-poca-nieve","status":"publish","type":"post","link":"https:\/\/www.comunicatur.info\/es\/la-temporada-de-esqui-2022-2023-cierra-con-poca-nieve\/","title":{"rendered":"La temporada de esqu\u00ed 2022-2023 cierra con poca nieve"},"content":{"rendered":"<p>Las altas temperaturas de la Semana Santa han dado por finiquitada la temporada de las estaciones de esqu\u00ed que a\u00fan manten\u00edan sus instalaciones abiertas para aprovechar los d\u00edas de fiesta. La realidad es que ya desde marzo las pistas han tenido poca nieve por la falta de precipitaciones.<\/p>\n<p>El sector ha querido estirar al m\u00e1ximo, pero ha nevado poco en casi todas las estaciones. Los esquiadores han aprovechado hasta el final para hacer los \u00faltimos descensos en laderas donde solo las pistas manten\u00edan el blanco de la nieve producida. A falta del balance que haga la patronal,<strong> esta campa\u00f1a ser\u00e1 peor que la 2021-2022.<\/strong><\/p>\n<p>El final del ejercicio ha sido irregular. Como ejemplos: la estaci\u00f3n de <strong>La Molina<\/strong> en Girona ha tenido un a\u00f1o complicado mientras que <strong>Bo\u00ed Ta\u00fcll<\/strong>, en el <strong>Pirineo de Lleida<\/strong>, lo ha tenido algo mejor.<\/p>\n<p>En <strong>Arag\u00f3n<\/strong> asumen que la nieve les ha fallado justo en los periodos vacacionales, pero <strong>dan por superada la temporada, con cierta resignaci\u00f3n.<\/strong> La empresa p\u00fablica <strong>Aramon<\/strong>, que gestiona cinco de las siete estaciones de la comunidad, ha afirmado que le salen los n\u00fameros.<\/p>\n<p>En <strong>Sierra Nevada<\/strong>, que est\u00e1 siendo la estaci\u00f3n que m\u00e1s alarga la campa\u00f1a, cerrar\u00e1 la temporada invernal con unos 800.000 esquiadores, una cifra algo inferior a la de la temporada pasada.<\/p>\n<h4>El extraordinario caso de Baqueira Beret<\/h4>\n<p>C\u00f3mo ya es habitual, en el ecosistema del esqu\u00ed, la estaci\u00f3n de la<strong> Val d\u2019Aran y Valls d\u2019\u00c0neu<\/strong> ha cerrado la temporada 2022-2023 como la segunda mejor de la historia. Casi 1 mill\u00f3n de esquiadores (990.032) rozando los n\u00fameros de la temporada anterior. <strong>Baqueira Beret<\/strong> ha estado 136 d\u00edas en pleno funcionamiento.<\/p>\n<p>El presente y futuro de las estaciones de invierno en los Pirineos y en el resto de Espa\u00f1a depende pr\u00e1cticamente de la producci\u00f3n de nieve. Las nevadas son cada vez m\u00e1s puntuales y <strong>el mantenimiento de la actividad est\u00e1 sujeto a las grandes inversiones que realizan en sistemas de nieve producida<\/strong> las empresas gestoras.<\/p>\n","protected":false},"excerpt":{"rendered":"<p>Las altas temperaturas de la Semana Santa han dado por finiquitada la temporada de las estaciones de esqu\u00ed que a\u00fan manten\u00edan sus instalaciones abiertas para aprovechar los d\u00edas de fiesta. La realidad es que ya desde marzo las pistas han tenido poca nieve por la falta de precipitaciones. El sector ha querido estirar al m\u00e1ximo, &hellip;<\/p>\n","protected":false},"author":408,"featured_media":22363,"comment_status":"closed","ping_status":"open","sticky":false,"template":"","format":"standard","meta":[],"categories":[62],"tags":[],"_links":{"self":[{"href":"https:\/\/www.comunicatur.info\/es\/wp-json\/wp\/v2\/posts\/22366"}],"collection":[{"href":"https:\/\/www.comunicatur.info\/es\/wp-json\/wp\/v2\/posts"}],"about":[{"href":"https:\/\/www.comunicatur.info\/es\/wp-json\/wp\/v2\/types\/post"}],"author":[{"embeddable":true,"href":"https:\/\/www.comunicatur.info\/es\/wp-json\/wp\/v2\/users\/408"}],"replies":[{"embeddable":true,"href":"https:\/\/www.comunicatur.info\/es\/wp-json\/wp\/v2\/comments?post=22366"}],"version-history":[{"count":2,"href":"https:\/\/www.comunicatur.info\/es\/wp-json\/wp\/v2\/posts\/22366\/revisions"}],"predecessor-version":[{"id":22368,"href":"https:\/\/www.comunicatur.info\/es\/wp-json\/wp\/v2\/posts\/22366\/revisions\/22368"}],"wp:featuredmedia":[{"embeddable":true,"href":"https:\/\/www.comunicatur.info\/es\/wp-json\/wp\/v2\/media\/22363"}],"wp:attachment":[{"href":"https:\/\/www.comunicatur.info\/es\/wp-json\/wp\/v2\/media?parent=22366"}],"wp:term":[{"taxonomy":"category","embeddable":true,"href":"https:\/\/www.comunicatur.info\/es\/wp-json\/wp\/v2\/categories?post=22366"},{"taxonomy":"post_tag","embeddable":true,"href":"https:\/\/www.comunicatur.info\/es\/wp-json\/wp\/v2\/tags?post=22366"}],"curies":[{"name":"wp","href":"https:\/\/api.w.org\/{rel}","templated":true}]}}