{"id":22339,"date":"2023-04-12T00:00:28","date_gmt":"2023-04-11T22:00:28","guid":{"rendered":"https:\/\/www.comunicatur.info\/?p=22339"},"modified":"2023-04-06T19:44:18","modified_gmt":"2023-04-06T17:44:18","slug":"federatur-tambien-reniega-del-nuevo-registro-de-viajeros-y-lo-califica-de-desproposito","status":"publish","type":"post","link":"https:\/\/www.comunicatur.info\/es\/federatur-tambien-reniega-del-nuevo-registro-de-viajeros-y-lo-califica-de-desproposito\/","title":{"rendered":"Federatur tambi\u00e9n reniega del nuevo registro de viajeros y lo califica de desprop\u00f3sito"},"content":{"rendered":"<p><strong>La patronal de los apartamentos tur\u00edsticos catalanes<\/strong>, <a href=\"http:\/\/www.federatur.com\/es\/\" target=\"_blank\" rel=\"noopener\"><strong>Federatur<\/strong><\/a>, que representa la mayor oferta legalizada de esta tipolog\u00eda de Barcelona, Girona y Tarragona, <strong>ha sido muy cr\u00edtica con la nueva normativa sobre el registro de viajeros que impulsa el Ministerio del Interior<\/strong> y que es de obligado cumplimiento para los alojamientos tur\u00edsticos y el alquiler de veh\u00edculos a motor.<\/p>\n<p><img class=\"alignright size-medium wp-image-22332\" src=\"https:\/\/www.comunicatur.info\/wp-content\/uploads\/2023\/04\/federatur_logo-300x88.jpg\" alt=\"\" width=\"300\" height=\"88\" srcset=\"https:\/\/www.comunicatur.info\/wp-content\/uploads\/2023\/04\/federatur_logo-300x88.jpg 300w, https:\/\/www.comunicatur.info\/wp-content\/uploads\/2023\/04\/federatur_logo.jpg 307w\" sizes=\"(max-width: 300px) 100vw, 300px\" \/>La patronal, en voz de su presidente, <strong>David Riba<\/strong>, asegura que una vez analizado el contenido del Real Decreto no pueden hacer otra cosa que calificar la normativa de <strong><em>\u201cdesprop\u00f3sito, del todo desajustada y exageradamente desmesurada\u201d.<\/em><\/strong><\/p>\n<p>Los puntos que considera una chapuza son, principalmente los siguientes:<\/p>\n<ul>\n<li>Aumenta considerablemente la cantidad de datos de clientes que se tienen que recoger y facilitar a los mossos de esquadra.<\/li>\n<li>La medida se ha tomado desde el desconocimiento total de la log\u00edstica del sector de los alojamientos tur\u00edsticos.<\/li>\n<li>Alerta que pueden contradecir la normativa europea de protecci\u00f3n de datos, puesto que los datos de las transacciones econ\u00f3micas est\u00e1n considerados como \u201cdatos sensibles\u201d porque son medios de pago.<br \/>\nEntre los datos que la normativa indica que hay que pedir en el contrato se encuentran los datos de la ejecuci\u00f3n del contrato: la fecha y hora de entrada y la fecha y hora de salida; los datos del inmueble: la direcci\u00f3n completa, el n\u00famero de habitaciones y si hay o no conexi\u00f3n a Internet; los datos de pago: el tipo (si el pago de ha hecho en efectivo, con tarjeta de cr\u00e9dito o a trav\u00e9s de otro sistema), la identificaci\u00f3n del medio de pago (el tipo de tarjeta y n\u00famero, el IBAN de la cuenta bancaria u otras); el titular del medio de pago; la fecha de caducidad de la tarjeta; y la fecha del pago.<\/li>\n<li>Se pretende que se incluya la relaci\u00f3n de parentesco entre los viajeros en el supuesto de que sean menores de edad, cuando muchas veces no existe el DNI o el pasaporte y en ning\u00fan caso se puede verificar, tal y como establece la norma. Esta tarea corresponde a la autoridad.<\/li>\n<li>Se incrementa considerablemente la carga de trabajo del personal en el momento de hacer el registro de entrada y adem\u00e1s se duplica mucho trabajo, puesto que parte de esta informaci\u00f3n ya se facilita a Hacienda a trav\u00e9s del modelo 179 cuando entra la reserva por el propio canal.<\/li>\n<li>Federatur recuerda que <strong>Catalu\u00f1a hab\u00eda sido pionera hace diez a\u00f1os en este tipo de registros y el sistema funcionaba muy bien.<\/strong> Pero ahora la administraci\u00f3n catalana debe adaptar su plataforma de recogida de datos a la normativa estatal y no hay certeza de cuanto puede tardar este proceso.<br \/>\nLa Generalitat ha informado que mientras tanto el registro se podr\u00e1 seguir haciendo como hasta ahora, esperando que no haya sanciones, <strong>porque seg\u00fan la normativa, despu\u00e9s de abril se daban dos meses antes de empezar a sancionar, a partir del mes de junio.<\/strong><\/li>\n<\/ul>\n<p>Por todo ello, la Federatur pide que se reconsidere esta medida.<\/p>\n<p>Recordamos que con anterioridad, varios subsectores tur\u00edsticos ya se quejaron de esta normativa, que ten\u00eda que entrar en vigor en el mes de febrero y ya se pospuso hasta abril. As\u00ed, por ejemplo, <strong>las agencias de viajes ya dieron su opini\u00f3n el pasado diciembre.<\/strong> Las agencias tambi\u00e9n lamentaban que el sistema inform\u00e1tico habilitado no se hab\u00eda probado y los agentes de viajes no hab\u00edan tenido tiempo de habituarse tal y como recog\u00eda <strong>Comunicatur<\/strong> <strong>en<\/strong> <a href=\"https:\/\/www.comunicatur.info\/es\/las-agencias-tienen-que-informar-de-sus-reservas-a-las-autoridades-publicas\/\"><strong>ESTA NOTICIA<\/strong><\/a> publicada a finales de diciembre. <strong>Al clicar la noticia tambi\u00e9n podr\u00e9is acceder al Real Decreto publicado en el BOE.<\/strong><\/p>\n<blockquote class=\"wp-embedded-content\" data-secret=\"rork6VsYp2\"><p><a href=\"https:\/\/www.comunicatur.info\/es\/las-agencias-tienen-que-informar-de-sus-reservas-a-las-autoridades-publicas\/\">Las agencias tienen que informar de sus reservas a las autoridades p\u00fablicas<\/a><\/p><\/blockquote>\n<p><iframe class=\"wp-embedded-content\" sandbox=\"allow-scripts\" security=\"restricted\" style=\"position: absolute; clip: rect(1px, 1px, 1px, 1px);\" title=\"&#8220;Las agencias tienen que informar de sus reservas a las autoridades p\u00fablicas&#8221; &#8212; Comunicatur\" src=\"https:\/\/www.comunicatur.info\/es\/las-agencias-tienen-que-informar-de-sus-reservas-a-las-autoridades-publicas\/embed\/#?secret=plcjnrvtkx#?secret=rork6VsYp2\" data-secret=\"rork6VsYp2\" width=\"500\" height=\"282\" frameborder=\"0\" marginwidth=\"0\" marginheight=\"0\" scrolling=\"no\"><\/iframe><\/p>\n","protected":false},"excerpt":{"rendered":"<p>La patronal de los apartamentos tur\u00edsticos catalanes, Federatur, que representa la mayor oferta legalizada de esta tipolog\u00eda de Barcelona, Girona y Tarragona, ha sido muy cr\u00edtica con la nueva normativa sobre el registro de viajeros que impulsa el Ministerio del Interior y que es de obligado cumplimiento para los alojamientos tur\u00edsticos y el alquiler de &hellip;<\/p>\n","protected":false},"author":408,"featured_media":22334,"comment_status":"closed","ping_status":"open","sticky":false,"template":"","format":"standard","meta":[],"categories":[59],"tags":[],"_links":{"self":[{"href":"https:\/\/www.comunicatur.info\/es\/wp-json\/wp\/v2\/posts\/22339"}],"collection":[{"href":"https:\/\/www.comunicatur.info\/es\/wp-json\/wp\/v2\/posts"}],"about":[{"href":"https:\/\/www.comunicatur.info\/es\/wp-json\/wp\/v2\/types\/post"}],"author":[{"embeddable":true,"href":"https:\/\/www.comunicatur.info\/es\/wp-json\/wp\/v2\/users\/408"}],"replies":[{"embeddable":true,"href":"https:\/\/www.comunicatur.info\/es\/wp-json\/wp\/v2\/comments?post=22339"}],"version-history":[{"count":3,"href":"https:\/\/www.comunicatur.info\/es\/wp-json\/wp\/v2\/posts\/22339\/revisions"}],"predecessor-version":[{"id":22342,"href":"https:\/\/www.comunicatur.info\/es\/wp-json\/wp\/v2\/posts\/22339\/revisions\/22342"}],"wp:featuredmedia":[{"embeddable":true,"href":"https:\/\/www.comunicatur.info\/es\/wp-json\/wp\/v2\/media\/22334"}],"wp:attachment":[{"href":"https:\/\/www.comunicatur.info\/es\/wp-json\/wp\/v2\/media?parent=22339"}],"wp:term":[{"taxonomy":"category","embeddable":true,"href":"https:\/\/www.comunicatur.info\/es\/wp-json\/wp\/v2\/categories?post=22339"},{"taxonomy":"post_tag","embeddable":true,"href":"https:\/\/www.comunicatur.info\/es\/wp-json\/wp\/v2\/tags?post=22339"}],"curies":[{"name":"wp","href":"https:\/\/api.w.org\/{rel}","templated":true}]}}