{"id":22328,"date":"2023-04-11T00:00:59","date_gmt":"2023-04-10T22:00:59","guid":{"rendered":"https:\/\/www.comunicatur.info\/?p=22328"},"modified":"2023-04-11T19:09:53","modified_gmt":"2023-04-11T17:09:53","slug":"el-aeropuerto-de-reus-opera-dos-nuevas-rutas-a-paris-y-dusseldorf-y-situa-su-oferta-a-niveles-anteriores-a-la-pandemia","status":"publish","type":"post","link":"https:\/\/www.comunicatur.info\/es\/el-aeropuerto-de-reus-opera-dos-nuevas-rutas-a-paris-y-dusseldorf-y-situa-su-oferta-a-niveles-anteriores-a-la-pandemia\/","title":{"rendered":"El aeropuerto de Reus opera dos nuevas rutas, a Par\u00eds y D\u00fcsseldorf y sit\u00faa su oferta a niveles anteriores a la pandemia"},"content":{"rendered":"<p>La compa\u00f1\u00eda <strong>Vueling enlaza desde el 26 de marzo Par\u00eds<\/strong> (Orly) con la Costa Daurada dos d\u00edas a la semana: mi\u00e9rcoles y domingos. Por su parte, <strong>Ryanair ha abierto el 28 de marzo la ruta D\u00fcsseldorf (Weeze) \u2013 Reus<\/strong>, tambi\u00e9n con dos vuelos semanales, martes y s\u00e1bados. De esta manera la Costa Daurada recupera la conexi\u00f3n con Alemania.<\/p>\n<p>A nivel de plazas, con las dos nuevas rutas la oferta ya se sit\u00faa a niveles anteriores a la pandemia. Con un incremento del 6,2% este a\u00f1o, el total de plazas ofertadas, tanto de llegada como de salida, llega a 1.116.676 asientos.<\/p>\n<p>Por mercados, <strong>el Reino Unido es el que dispone de m\u00e1s rutas, m\u00e1s vuelos y m\u00e1s oferta de plazas.<\/strong> Y es que, de las 23 rutas operadas desde el aeropuerto de Reus en temporada alta, 9 van a aeropuertos ingleses (Londres con Gatwick y Stansted, Manchester, Liverpool, Birmingham, East Midlands (Nottingham), Newcastle, Leeds Bradford, y Bristol). Tres son rutas a Escocia (Edimburgo, Glasgow y Aberdeen) y una a Gales (Cardiff).<\/p>\n<p>Adem\u00e1s de los vuelos internacionales, hay que recordar que la compa\u00f1\u00eda <strong>Air Nostrum tambi\u00e9n opera Reus con Palma de Mallorca<\/strong>, con la opci\u00f3n de a\u00f1adir el billete hasta Menorca e Ibiza.<\/p>\n<p><strong>La presidenta del Patronato de Turismo de la Diputaci\u00f3n de Tarragona,<\/strong> <strong>Meritxell Roig\u00e9<\/strong>, ha expresado su satisfacci\u00f3n ante el incremento de la actividad en el aeropuerto <strong><em>\u201cno solo en t\u00e9rminos cuantitativos de actividad sino tambi\u00e9n por la apertura de nuevos mercados y por haber estado capaces de atraer el inter\u00e9s para mantener y ampliar conexiones en momentos en que las aerol\u00edneas eligen de forma muy cuidadosa sus operativas, dado el incremento de costes energ\u00e9ticos y la carencia de aeronaves\u201d.<\/em><\/strong><\/p>\n<p>La satisfacci\u00f3n es general en el territorio, puesto que <strong>se confirma la estrategia de alargamiento de la temporada del aeropuerto<\/strong>, que este a\u00f1o llega a ser de nueve meses y se extiende de marzo a noviembre.<\/p>\n<p>M\u00e1s informaci\u00f3n en la web de <a href=\"https:\/\/costadaurada.info\/es\/contacto\" target=\"_blank\" rel=\"noopener\"><strong>Costa Daurada<\/strong><\/a> y tambi\u00e9n en el web de Aena &#8211; <a href=\"https:\/\/www.aena.es\/ca\/reus\/aerolinies-i-destinacions\/destinacions-aeroport.html\" target=\"_blank\" rel=\"noopener\"><strong>Aeropuerto de Reus<\/strong><\/a><\/p>\n","protected":false},"excerpt":{"rendered":"<p>La compa\u00f1\u00eda Vueling enlaza desde el 26 de marzo Par\u00eds (Orly) con la Costa Daurada dos d\u00edas a la semana: mi\u00e9rcoles y domingos. Por su parte, Ryanair ha abierto el 28 de marzo la ruta D\u00fcsseldorf (Weeze) \u2013 Reus, tambi\u00e9n con dos vuelos semanales, martes y s\u00e1bados. De esta manera la Costa Daurada recupera la &hellip;<\/p>\n","protected":false},"author":408,"featured_media":22323,"comment_status":"closed","ping_status":"open","sticky":false,"template":"","format":"standard","meta":[],"categories":[62],"tags":[],"_links":{"self":[{"href":"https:\/\/www.comunicatur.info\/es\/wp-json\/wp\/v2\/posts\/22328"}],"collection":[{"href":"https:\/\/www.comunicatur.info\/es\/wp-json\/wp\/v2\/posts"}],"about":[{"href":"https:\/\/www.comunicatur.info\/es\/wp-json\/wp\/v2\/types\/post"}],"author":[{"embeddable":true,"href":"https:\/\/www.comunicatur.info\/es\/wp-json\/wp\/v2\/users\/408"}],"replies":[{"embeddable":true,"href":"https:\/\/www.comunicatur.info\/es\/wp-json\/wp\/v2\/comments?post=22328"}],"version-history":[{"count":2,"href":"https:\/\/www.comunicatur.info\/es\/wp-json\/wp\/v2\/posts\/22328\/revisions"}],"predecessor-version":[{"id":22351,"href":"https:\/\/www.comunicatur.info\/es\/wp-json\/wp\/v2\/posts\/22328\/revisions\/22351"}],"wp:featuredmedia":[{"embeddable":true,"href":"https:\/\/www.comunicatur.info\/es\/wp-json\/wp\/v2\/media\/22323"}],"wp:attachment":[{"href":"https:\/\/www.comunicatur.info\/es\/wp-json\/wp\/v2\/media?parent=22328"}],"wp:term":[{"taxonomy":"category","embeddable":true,"href":"https:\/\/www.comunicatur.info\/es\/wp-json\/wp\/v2\/categories?post=22328"},{"taxonomy":"post_tag","embeddable":true,"href":"https:\/\/www.comunicatur.info\/es\/wp-json\/wp\/v2\/tags?post=22328"}],"curies":[{"name":"wp","href":"https:\/\/api.w.org\/{rel}","templated":true}]}}