{"id":2229,"date":"2010-04-18T19:28:36","date_gmt":"2010-04-18T19:28:36","guid":{"rendered":"https:\/\/comunicatur.info\/2-estrelles-urba-i-de-disseny-un-nou-concepte-dhotel-2\/"},"modified":"2010-04-18T19:28:36","modified_gmt":"2010-04-18T19:28:36","slug":"2-estrelles-urba-i-de-disseny-un-nou-concepte-dhotel-2","status":"publish","type":"post","link":"https:\/\/www.comunicatur.info\/es\/2-estrelles-urba-i-de-disseny-un-nou-concepte-dhotel-2\/","title":{"rendered":"2 estrellas, urbano y de dise\u00f1o: un nuevo concepto de hotel"},"content":{"rendered":"<p> Albert Cam\u00ed, consejero delegado de ACTA Hotels, aborda la gesti\u00f3n y la comercializaci\u00f3n de hoteles independientes de car\u00e1cter urbano y explica en el Debate de Comunicatur las caracter\u00edsticas del hotel barcelon\u00e9s Acta Mimic, un dos estrellas con un gran componente de dise\u00f1o e innovaci\u00f3n.<\/p>\n<p><img class=\"\" height=\"126\" alt=\"\" width=\"163\" src=\"https:\/\/www.comunicatur.info\/cms\/images\/stories\/fotos\/acta_hotels.jpg\" \/><\/p>\n<p>Accede a todos los programas del <em><u><a href=\"http:\/\/youtube.com\/comunicatur\" target=\"_blank\" rel=\"noopener\">Debate de Comunicatur.info<\/a><\/u><\/em><\/p>\n<p><\/p>\n<p> Intervienen en el programa la periodista Carme Ayala, el editor de Campireport, Agust\u00ed Valls y el consultor tur\u00edstico Jordi Blanch.<\/p>\n<p><strong>Parte 1 del Debate<\/strong><\/p>\n<p><object width=\"320\" height=\"265\"><param name=\"movie\" value=\"http:\/\/www.youtube.com\/v\/yFTEgmeZ0F4&#038;hl=es_ES&#038;fs=1&#038;color1=0x234900&#038;color2=0x4e9e00\"><\/param><param name=\"allowFullScreen\" value=\"true\"><\/param><param name=\"allowscriptaccess\" value=\"always\"><\/param><embed src=\"http:\/\/www.youtube.com\/v\/yFTEgmeZ0F4&#038;hl=es_ES&#038;fs=1&#038;color1=0x234900&#038;color2=0x4e9e00\" type=\"application\/x-shockwave-flash\" allowscriptaccess=\"always\" allowfullscreen=\"true\" width=\"320\" height=\"265\"><\/embed><\/object><\/p>\n<p><a href=\" http:\/\/www.youtube.com\/watch?v=yFTEgmeZ0F4\">Mejor ancho de banda para este v\u00eddeo <\/a><\/p>\n<p><strong>Parte 2 del Debate<\/strong><\/p>\n<p><object width=\"320\" height=\"265\"><param name=\"movie\" value=\"http:\/\/www.youtube.com\/v\/LjpVT0v-DXs&#038;hl=es_ES&#038;fs=1&#038;color1=0x234900&#038;color2=0x4e9e00\"><\/param><param name=\"allowFullScreen\" value=\"true\"><\/param><param name=\"allowscriptaccess\" value=\"always\"><\/param><embed src=\"http:\/\/www.youtube.com\/v\/LjpVT0v-DXs&#038;hl=es_ES&#038;fs=1&#038;color1=0x234900&#038;color2=0x4e9e00\" type=\"application\/x-shockwave-flash\" allowscriptaccess=\"always\" allowfullscreen=\"true\" width=\"320\" height=\"265\"><\/embed><\/object><\/p>\n<p><a href=\" http:\/\/www.youtube.com\/watch?v=LjpVT0v-DXs\">Mejor ancho de banda para este v\u00eddeo<\/a><\/p>\n<p><strong>Parte 3 del Debate<\/strong><\/p>\n<p><object width=\"320\" height=\"265\"><param name=\"movie\" value=\"http:\/\/www.youtube.com\/v\/9EUSdSG3mz0&#038;hl=es_ES&#038;fs=1&#038;color1=0x234900&#038;color2=0x4e9e00\"><\/param><param name=\"allowFullScreen\" value=\"true\"><\/param><param name=\"allowscriptaccess\" value=\"always\"><\/param><embed src=\"http:\/\/www.youtube.com\/v\/9EUSdSG3mz0&#038;hl=es_ES&#038;fs=1&#038;color1=0x234900&#038;color2=0x4e9e00\" type=\"application\/x-shockwave-flash\" allowscriptaccess=\"always\" allowfullscreen=\"true\" width=\"320\" height=\"265\"><\/embed><\/object><\/p>\n<p><a href=\" http:\/\/www.youtube.com\/watch?v=9EUSdSG3mz0\">Mejor ancho de banda para este v\u00eddeo<\/a><\/p>\n","protected":false},"excerpt":{"rendered":"<p> Albert Cam\u00ed, consejero delegado de ACTA Hotels, aborda la gesti\u00f3n y la comercializaci\u00f3n de hoteles independientes de car\u00e1cter urbano y explica en el Debate de Comunicatur las caracter\u00edsticas del hotel barcelon\u00e9s Acta Mimic, un dos estrellas con un gran componente de dise\u00f1o e innovaci\u00f3n.<\/p>\n<p><img class=\"\" height=\"126\" alt=\"\" width=\"163\" src=\"https:\/\/www.comunicatur.info\/cms\/images\/stories\/fotos\/acta_hotels.jpg\" \/><\/p>\n<p>Accede a todos los programas del <em><u><a href=\"http:\/\/youtube.com\/comunicatur\">Debate de Comunicatur.info<\/a><\/u><\/em><\/p>\n","protected":false},"author":1,"featured_media":0,"comment_status":"close","ping_status":"open","sticky":false,"template":"","format":"standard","meta":[],"categories":[23],"tags":[],"_links":{"self":[{"href":"https:\/\/www.comunicatur.info\/es\/wp-json\/wp\/v2\/posts\/2229"}],"collection":[{"href":"https:\/\/www.comunicatur.info\/es\/wp-json\/wp\/v2\/posts"}],"about":[{"href":"https:\/\/www.comunicatur.info\/es\/wp-json\/wp\/v2\/types\/post"}],"author":[{"embeddable":true,"href":"https:\/\/www.comunicatur.info\/es\/wp-json\/wp\/v2\/users\/1"}],"replies":[{"embeddable":true,"href":"https:\/\/www.comunicatur.info\/es\/wp-json\/wp\/v2\/comments?post=2229"}],"version-history":[{"count":0,"href":"https:\/\/www.comunicatur.info\/es\/wp-json\/wp\/v2\/posts\/2229\/revisions"}],"wp:attachment":[{"href":"https:\/\/www.comunicatur.info\/es\/wp-json\/wp\/v2\/media?parent=2229"}],"wp:term":[{"taxonomy":"category","embeddable":true,"href":"https:\/\/www.comunicatur.info\/es\/wp-json\/wp\/v2\/categories?post=2229"},{"taxonomy":"post_tag","embeddable":true,"href":"https:\/\/www.comunicatur.info\/es\/wp-json\/wp\/v2\/tags?post=2229"}],"curies":[{"name":"wp","href":"https:\/\/api.w.org\/{rel}","templated":true}]}}