{"id":22234,"date":"2023-03-27T00:00:22","date_gmt":"2023-03-26T22:00:22","guid":{"rendered":"https:\/\/www.comunicatur.info\/?p=22234"},"modified":"2023-03-26T02:39:36","modified_gmt":"2023-03-26T00:39:36","slug":"el-turismo-en-baleares-esta-entrando-en-un-punto-sin-retorno","status":"publish","type":"post","link":"https:\/\/www.comunicatur.info\/es\/el-turismo-en-baleares-esta-entrando-en-un-punto-sin-retorno\/","title":{"rendered":"\u00bfEl turismo en Baleares est\u00e1 entrando en un punto sin retorno?"},"content":{"rendered":"<p>Que las Islas Baleares han sobrepasado el l\u00edmite de su capacidad de carga de turismo es una afirmaci\u00f3n que ya sostienen desde el gobierno tras la alerta que lanzan algunos grupos de defensa de la sostenibilidad territorial.<\/p>\n<p>Acusan que el impacto de los turistas es irreparable tanto en la vertiente ecol\u00f3gica como la cultural y social. Cuentan que la insularidad tiene como caracter\u00edstica la limitaci\u00f3n de recursos y espacios. En verano, la poblaci\u00f3n flotante pr\u00e1cticamente dobla a los habitantes que hay en invierno. Las operaciones en los aeropuertos, entre enero y agosto, se multiplican por 4 en Mallorca, por 5,5 en Ibiza y con 5,7 en Menorca.<\/p>\n<p>El gobierno balear, en voz del consejero de Territorio, Miquel Mir, ya afirmaba hace un a\u00f1o que <strong>\u00ablas islas han sobrepasado el l\u00edmite de turismo y necesita contenci\u00f3n e incluso decrecimiento\u00bb.<\/strong> Los activistas del Grupo Balear de Defensa de la Naturaleza son del parecer que superada la capacidad de carga las consecuencias son graves e irreversibles. A nivel local las aglomeraciones y masificaciones afectan al comportamiento social. Los residentes han modificado algunos h\u00e1bitos como disfrutar de sus recursos culturales y paisaj\u00edsticos sin coincidir con los turistas.<\/p>\n<p>Pero las islas baleares viven del turismo. Supone m\u00e1s del 27% de su PIB. No es una actividad que pueda borrarse. Los hoteleros piden que la administraci\u00f3n sea consciente de ello y ponga recursos a las carencias que puedan generarse. Que vele por garantizar los servicios y gestione correctamente la afluencia de visitantes informando de las zonas saturadas temporalmente y vehicul\u00e1ndolos a otros lugares.<\/p>\n<p>Por ahora el gobierno pone el foco en limitar el crecimiento de viviendas tur\u00edsticas, plazas hoteleras, la llegada de cruceros y de veh\u00edculos de alquiler y coches particulares.<\/p>\n","protected":false},"excerpt":{"rendered":"<p>Que las Islas Baleares han sobrepasado el l\u00edmite de su capacidad de carga de turismo es una afirmaci\u00f3n que ya sostienen desde el gobierno tras la alerta que lanzan algunos grupos de defensa de la sostenibilidad territorial. Acusan que el impacto de los turistas es irreparable tanto en la vertiente ecol\u00f3gica como la cultural y &hellip;<\/p>\n","protected":false},"author":408,"featured_media":22231,"comment_status":"closed","ping_status":"open","sticky":false,"template":"","format":"standard","meta":[],"categories":[73],"tags":[],"_links":{"self":[{"href":"https:\/\/www.comunicatur.info\/es\/wp-json\/wp\/v2\/posts\/22234"}],"collection":[{"href":"https:\/\/www.comunicatur.info\/es\/wp-json\/wp\/v2\/posts"}],"about":[{"href":"https:\/\/www.comunicatur.info\/es\/wp-json\/wp\/v2\/types\/post"}],"author":[{"embeddable":true,"href":"https:\/\/www.comunicatur.info\/es\/wp-json\/wp\/v2\/users\/408"}],"replies":[{"embeddable":true,"href":"https:\/\/www.comunicatur.info\/es\/wp-json\/wp\/v2\/comments?post=22234"}],"version-history":[{"count":2,"href":"https:\/\/www.comunicatur.info\/es\/wp-json\/wp\/v2\/posts\/22234\/revisions"}],"predecessor-version":[{"id":22236,"href":"https:\/\/www.comunicatur.info\/es\/wp-json\/wp\/v2\/posts\/22234\/revisions\/22236"}],"wp:featuredmedia":[{"embeddable":true,"href":"https:\/\/www.comunicatur.info\/es\/wp-json\/wp\/v2\/media\/22231"}],"wp:attachment":[{"href":"https:\/\/www.comunicatur.info\/es\/wp-json\/wp\/v2\/media?parent=22234"}],"wp:term":[{"taxonomy":"category","embeddable":true,"href":"https:\/\/www.comunicatur.info\/es\/wp-json\/wp\/v2\/categories?post=22234"},{"taxonomy":"post_tag","embeddable":true,"href":"https:\/\/www.comunicatur.info\/es\/wp-json\/wp\/v2\/tags?post=22234"}],"curies":[{"name":"wp","href":"https:\/\/api.w.org\/{rel}","templated":true}]}}