{"id":22164,"date":"2023-03-16T00:00:41","date_gmt":"2023-03-15T22:00:41","guid":{"rendered":"https:\/\/www.comunicatur.info\/?p=22164"},"modified":"2023-03-15T19:25:55","modified_gmt":"2023-03-15T17:25:55","slug":"b-travel-desarrolla-un-programa-de-actividades-para-profesionales-del-sector-turistico","status":"publish","type":"post","link":"https:\/\/www.comunicatur.info\/es\/b-travel-desarrolla-un-programa-de-actividades-para-profesionales-del-sector-turistico\/","title":{"rendered":"B-Travel desarrolla un programa de actividades para profesionales del sector tur\u00edstico"},"content":{"rendered":"<p><a href=\"https:\/\/www.b-travel.com\/ca\/?utm_source=display&amp;utm_medium=comunicatur&amp;utm_campaign=prensatecnica\" target=\"_blank\" rel=\"noopener\"><strong>B-Travel<\/strong><\/a> vuelve a dise\u00f1ar un programa de actividades espec\u00edficas para profesionales del sector tur\u00edstico con el prop\u00f3sito de promover ventas y negocios, hacer contactos comerciales y generar conocimiento durante los tres d\u00edas de celebraci\u00f3n del sal\u00f3n de turismo de experiencias de Fira de Barcelona que, del 24 al 26 de marzo, tendr\u00e1 lugar en el palacio 8 del recinto de Montju\u00efc.<\/p>\n<p>Para hacerlo posible, <a href=\"https:\/\/www.b-travel.com\/ca\/?utm_source=display&amp;utm_medium=comunicatur&amp;utm_campaign=prensatecnica\" target=\"_blank\" rel=\"noopener\">B-Travel ha organizado una agenda de eventos B2B presenciales que quieren dar respuesta a las inquietudes de los profesionales del sector<\/a> en un momento en que la actividad tur\u00edstica est\u00e1 en plena recuperaci\u00f3n. Por ello, acoger\u00e1 jornadas sobre los principales retos de los profesionales del sector, organizar\u00e1 encuentros entre agencias de viajes y destinos, y crear\u00e1 un espacio de oferta y b\u00fasqueda de empleo, entre otras actividades.<\/p>\n<p>As\u00ed, diversos expertos participar\u00e1n en la jornada B-Travel Formaci\u00f3-Empresa en Turismo organizada por de CETT-UB y el departamento de Turismo de IQS-School of Management (URL) en la que se debatir\u00e1 sobre cuestiones como la falta de talento cualificado, la atracci\u00f3n de nuevas vocaciones y las estrategias de fidelizaci\u00f3n y vinculaci\u00f3n de los nuevos profesionales tur\u00edsticos, entre otras actividades.<\/p>\n<p>Tras el \u00e9xito de la pasada edici\u00f3n, <a href=\"https:\/\/www.b-travel.com\/ca\/?utm_source=display&amp;utm_medium=comunicatur&amp;utm_campaign=prensatecnica\" target=\"_blank\" rel=\"noopener\"><strong>B-Travel<\/strong><\/a> acoge una nueva convocatoria de ACAVe Travel Market, organizada por la Asociaci\u00f3n Corporativa de Agencias de Viaje Especializadas (ACAVe) en la que destinos como Argentina, Comunitat Valenciana, Castilla-La Mancha, Formentera, Ibiza, Madrid o Navarra se presentar\u00e1n a las agencias de viaje participantes para que pasen a formar parte de su oferta comercial.<\/p>\n<p>Por otra parte, las personas que quieran incorporarse al mundo laboral de este sector tienen su oportunidad en el B-Travel Job Market Place de Barcelona Activa, un espacio de oferta y b\u00fasqueda de empleo, as\u00ed como de\u00a0<em>networking\u00a0<\/em>donde las empresas podr\u00e1n seleccionar nuevo talento profesional.<\/p>\n<p><strong>Capital de turismo rural 2023<br \/>\n<\/strong>Adem\u00e1s, <a href=\"https:\/\/www.b-travel.com\/ca\/?utm_source=display&amp;utm_medium=comunicatur&amp;utm_campaign=prensatecnica\" target=\"_blank\" rel=\"noopener\"><strong>B-Travel<\/strong><\/a> ser\u00e1 el escenario en el que el portal EscapadaRural desvele los nombres de los diez municipios de menos de 10.000 habitantes con alojamientos rurales que ser\u00e1n finalistas en la s\u00e9ptima edici\u00f3n de la Capital del Turismo Rural 2023.<\/p>\n<p>Y, por \u00faltimo, en B-Industrial, espacio del sal\u00f3n que pone en valor el patrimonio industrial como destino tur\u00edstico, se desarrollar\u00e1n las Jornadas Profesionales de Turismo Industrial en las que se presentar\u00e1n diversos proyectos y productos relacionados con este \u00e1mbito.<\/p>\n<p>Con estas actividades profesionales, se completa la oferta de B-Travel, el sal\u00f3n de turismo de Fira de Barcelona, que contar\u00e1 con 100 expositores directos y m\u00e1s de 500 indirectos.<\/p>\n","protected":false},"excerpt":{"rendered":"<p>B-Travel vuelve a dise\u00f1ar un programa de actividades espec\u00edficas para profesionales del sector tur\u00edstico con el prop\u00f3sito de promover ventas y negocios, hacer contactos comerciales y generar conocimiento durante los tres d\u00edas de celebraci\u00f3n del sal\u00f3n de turismo de experiencias de Fira de Barcelona que, del 24 al 26 de marzo, tendr\u00e1 lugar en el &hellip;<\/p>\n","protected":false},"author":408,"featured_media":20064,"comment_status":"closed","ping_status":"open","sticky":false,"template":"","format":"standard","meta":[],"categories":[63],"tags":[],"_links":{"self":[{"href":"https:\/\/www.comunicatur.info\/es\/wp-json\/wp\/v2\/posts\/22164"}],"collection":[{"href":"https:\/\/www.comunicatur.info\/es\/wp-json\/wp\/v2\/posts"}],"about":[{"href":"https:\/\/www.comunicatur.info\/es\/wp-json\/wp\/v2\/types\/post"}],"author":[{"embeddable":true,"href":"https:\/\/www.comunicatur.info\/es\/wp-json\/wp\/v2\/users\/408"}],"replies":[{"embeddable":true,"href":"https:\/\/www.comunicatur.info\/es\/wp-json\/wp\/v2\/comments?post=22164"}],"version-history":[{"count":2,"href":"https:\/\/www.comunicatur.info\/es\/wp-json\/wp\/v2\/posts\/22164\/revisions"}],"predecessor-version":[{"id":22166,"href":"https:\/\/www.comunicatur.info\/es\/wp-json\/wp\/v2\/posts\/22164\/revisions\/22166"}],"wp:featuredmedia":[{"embeddable":true,"href":"https:\/\/www.comunicatur.info\/es\/wp-json\/wp\/v2\/media\/20064"}],"wp:attachment":[{"href":"https:\/\/www.comunicatur.info\/es\/wp-json\/wp\/v2\/media?parent=22164"}],"wp:term":[{"taxonomy":"category","embeddable":true,"href":"https:\/\/www.comunicatur.info\/es\/wp-json\/wp\/v2\/categories?post=22164"},{"taxonomy":"post_tag","embeddable":true,"href":"https:\/\/www.comunicatur.info\/es\/wp-json\/wp\/v2\/tags?post=22164"}],"curies":[{"name":"wp","href":"https:\/\/api.w.org\/{rel}","templated":true}]}}