{"id":22137,"date":"2023-03-13T00:00:22","date_gmt":"2023-03-12T22:00:22","guid":{"rendered":"https:\/\/www.comunicatur.info\/?p=22137"},"modified":"2023-03-12T16:33:47","modified_gmt":"2023-03-12T14:33:47","slug":"la-diputacion-de-barcelona-lidera-proyectos-de-sostenibilidad-con-fondos-europeos","status":"publish","type":"post","link":"https:\/\/www.comunicatur.info\/es\/la-diputacion-de-barcelona-lidera-proyectos-de-sostenibilidad-con-fondos-europeos\/","title":{"rendered":"La Diputaci\u00f3n de Barcelona lidera proyectos de sostenibilidad con fondos europeos"},"content":{"rendered":"<p>El posicionamiento internacional de la Diputaci\u00f3n con temas relacionados con la sostenibilidad tur\u00edstica no para de crecer. Los lectores de <a href=\"https:\/\/www.comunicatur.info\/es\/la-diputacion-de-barcelona-recibe-45-millones-de-euros-del-gobierno-central-para-las-vies-blaves\/\">\u00a0<strong>Comunicatur<\/strong><\/a> recordar\u00e9is que el esperado proyecto de las <strong>\u201cVies Blaves Barcelona\u201d ya cont\u00f3 con una ayuda de 4,5 millones de euros de los Fondos Next Generation 2021<\/strong> de la Uni\u00f3n Europea mediante los Planes de Sostenibilidad Tur\u00edstica en Destino (PSTD).<\/p>\n<p>Un nuevo proyecto PSTD llamado <strong>\u201cEspacios naturales y turismo sostenible, una oportunidad para la\u00a0 provincia de Barcelona\u201d<\/strong> correspondiente a la convocatoria del 2022 y, como el anterior, tramitado a trav\u00e9s del Estado, <strong>ha aportado 2 millones de euros<\/strong> de los mismos fondos europeos.<\/p>\n<p>Hay que recordar que los PSTD tienen por objeto impulsar la transformaci\u00f3n verde y digital en el sector tur\u00edstico, as\u00ed como la mejora en su competitividad. La Diputaci\u00f3n de Barcelona espera que estos programas contribuyan decisivamente a ser un revulsivo para la dinamizaci\u00f3n econ\u00f3mica y social del territorio.<\/p>\n<p>En cuanto a la convocatoria del 2023, la tercera extraordinaria de los PSTD, se acaba de cerrar. Las propuestas de la Diputaci\u00f3n van encaminadas <strong>a los destinos prioritarios de sol y playa enmarcados dentro del Plan Territorial de Catalu\u00f1a.<\/strong><\/p>\n<p>Hay dos subcategor\u00edas:<br \/>\n\u2022 Destinos de sol y playa muy internacionalizados.<br \/>\n\u2022 Destinos de sol y playa mixtos\/residenciales.<\/p>\n<p>Tambi\u00e9n hay margen para <strong>los destinos de interior, pero con recursos h\u00eddricos pr\u00f3ximos, <\/strong>como r\u00edos o lagos, porque la prioridad de los PSTD de este a\u00f1o es el turismo azul y el turismo de sol y playa.<\/p>\n<h4>Un liderazgo reforzado<\/h4>\n<p>Con todos estos programas, el posicionamiento internacional de la Diputaci\u00f3n de Barcelona en la sostenibilidad tur\u00edstica es incuestionable si recordamos otras acciones, como, por ejemplo:<\/p>\n<ul>\n<li>Ayudas a las cuales han accedido unos sesenta ayuntamientos de la provincia, asesorados en sus proyectos por la corporaci\u00f3n provincial. En este caso los proyectos se encuentran dentro de la <strong>Acci\u00f3n de Cohesi\u00f3n en Destino 2022<\/strong> presentada por la Generalitat con iniciativas innovadoras en el \u00e1mbito de la enogastronomia.<br \/>\nEstos proyectos, tambi\u00e9n financiados con fondos Next Generation, recibir\u00e1n <strong>1,2 millones de euros. <\/strong><\/li>\n<li>La pr\u00f3rroga por siete a\u00f1os m\u00e1s del liderazgo de la <strong>Comunidad Tem\u00e1tica de Turismo Sostenible del programa Interreg Euro-MED<\/strong>, conocido con el nombre de <strong>Community4Tourism.<\/strong> Presupuesto de 5 millones de euros, de los cuales 843.000 los gestiona directamente la Diputaci\u00f3n. <a href=\"https:\/\/www.comunicatur.info\/es\/la-diputacion-de-barcelona-liderara-la-community4tourism-hasta-el-2029\/\"><strong><em>Ver noticia<\/em><\/strong>.<\/a><\/li>\n<li>El Partenariado de <strong>la Agenda Urbana Europea<\/strong> sobre turismo sostenible. <a href=\"https:\/\/www.comunicatur.info\/es\/la-diputacion-de-barcelona-socia-en-el-nuevo-partenariado-de-la-agenda-urbana-europea-sobre-turismo-sostenible\/\"><strong><em>Ver noticia.<\/em><\/strong><\/a><\/li>\n<li>No podemos dejar de lado la apuesta desde hace a\u00f1os de la Diputaci\u00f3n de Barcelona por la <strong>Certificaci\u00f3n Biosphere<\/strong>, que ha liderado y que ha llevado a una importante cantidad de municipios y empresas del territorio.<\/li>\n<\/ul>\n<pre><em>En colaboraci\u00f3n con la Diputaci\u00f3n de Barcelona<\/em><\/pre>\n","protected":false},"excerpt":{"rendered":"<p>El posicionamiento internacional de la Diputaci\u00f3n con temas relacionados con la sostenibilidad tur\u00edstica no para de crecer. Los lectores de \u00a0Comunicatur recordar\u00e9is que el esperado proyecto de las \u201cVies Blaves Barcelona\u201d ya cont\u00f3 con una ayuda de 4,5 millones de euros de los Fondos Next Generation 2021 de la Uni\u00f3n Europea mediante los Planes de &hellip;<\/p>\n","protected":false},"author":408,"featured_media":22133,"comment_status":"closed","ping_status":"open","sticky":false,"template":"","format":"standard","meta":[],"categories":[68],"tags":[],"_links":{"self":[{"href":"https:\/\/www.comunicatur.info\/es\/wp-json\/wp\/v2\/posts\/22137"}],"collection":[{"href":"https:\/\/www.comunicatur.info\/es\/wp-json\/wp\/v2\/posts"}],"about":[{"href":"https:\/\/www.comunicatur.info\/es\/wp-json\/wp\/v2\/types\/post"}],"author":[{"embeddable":true,"href":"https:\/\/www.comunicatur.info\/es\/wp-json\/wp\/v2\/users\/408"}],"replies":[{"embeddable":true,"href":"https:\/\/www.comunicatur.info\/es\/wp-json\/wp\/v2\/comments?post=22137"}],"version-history":[{"count":2,"href":"https:\/\/www.comunicatur.info\/es\/wp-json\/wp\/v2\/posts\/22137\/revisions"}],"predecessor-version":[{"id":22139,"href":"https:\/\/www.comunicatur.info\/es\/wp-json\/wp\/v2\/posts\/22137\/revisions\/22139"}],"wp:featuredmedia":[{"embeddable":true,"href":"https:\/\/www.comunicatur.info\/es\/wp-json\/wp\/v2\/media\/22133"}],"wp:attachment":[{"href":"https:\/\/www.comunicatur.info\/es\/wp-json\/wp\/v2\/media?parent=22137"}],"wp:term":[{"taxonomy":"category","embeddable":true,"href":"https:\/\/www.comunicatur.info\/es\/wp-json\/wp\/v2\/categories?post=22137"},{"taxonomy":"post_tag","embeddable":true,"href":"https:\/\/www.comunicatur.info\/es\/wp-json\/wp\/v2\/tags?post=22137"}],"curies":[{"name":"wp","href":"https:\/\/api.w.org\/{rel}","templated":true}]}}