{"id":22114,"date":"2023-03-08T00:00:18","date_gmt":"2023-03-07T22:00:18","guid":{"rendered":"https:\/\/www.comunicatur.info\/?p=22114"},"modified":"2023-03-07T17:04:17","modified_gmt":"2023-03-07T15:04:17","slug":"el-nuevo-imserso-da-esperanzas-al-sector","status":"publish","type":"post","link":"https:\/\/www.comunicatur.info\/es\/el-nuevo-imserso-da-esperanzas-al-sector\/","title":{"rendered":"El nuevo Imserso da esperanzas al sector"},"content":{"rendered":"<p>El programa de viajes del <strong>Imserso<\/strong> ha sido criticado por todos, desde hoteleros a agentes de viajes, que denunciaban que en las \u00faltimas convocatorias trabajaban a p\u00e9rdidas. El Ministerio de Derechos Sociales, del cual dependen los viajes de turismo senior, abrir\u00e1 una nueva licitaci\u00f3n introduciendo cambios.<\/p>\n<p>Posiblemente las tarifas suban en la temporada 2023\/2024, una reclamaci\u00f3n del sector. Se estima que ser\u00e1n <strong>300 millones de euros, un 14% m\u00e1s que en la licitaci\u00f3n anterior.<\/strong> Tambi\u00e9n aumentar\u00e1n las plazas en 70.000 hasta llegar a las 900.000. El incremento de plazas se centrar\u00e1 en el turismo interior, no en los destinos de costa.<\/p>\n<p>Por ahora no se conocen los detalles del nuevo pliego, m\u00e1s all\u00e1 de que ofrecer\u00e1 10 nuevos circuitos culturales y 19 nuevas rutas de naturaleza. <strong>Los beneficiarios del programa asumen el 78% del coste del paquete mientras que la administraci\u00f3n sufraga el 22%.<\/strong><\/p>\n<p>La patronal hotelera y las agencias de viajes est\u00e1n esperanzadas con las noticias que llegan. Principalmente porque se lance un nuevo concurso ya que <strong>una pr\u00f3rroga supon\u00eda la ruina del sector<\/strong>. La nueva adjudicaci\u00f3n deber\u00e1 estar lista para que en septiembre se puedan comercializar.<\/p>\n<blockquote class=\"wp-embedded-content\" data-secret=\"WC9JH2XFZJ\"><p><a href=\"https:\/\/www.comunicatur.info\/es\/el-imserso-no-convence-a-nadie\/\">El Imserso no convence a nadie<\/a><\/p><\/blockquote>\n<p><iframe class=\"wp-embedded-content\" sandbox=\"allow-scripts\" security=\"restricted\" style=\"position: absolute; clip: rect(1px, 1px, 1px, 1px);\" title=\"\u00abEl Imserso no convence a nadie\u00bb \u2014 Comunicatur\" src=\"https:\/\/www.comunicatur.info\/es\/el-imserso-no-convence-a-nadie\/embed\/#?secret=GGiN1G3OjK#?secret=WC9JH2XFZJ\" data-secret=\"WC9JH2XFZJ\" width=\"500\" height=\"282\" frameborder=\"0\" marginwidth=\"0\" marginheight=\"0\" scrolling=\"no\"><\/iframe><\/p>\n","protected":false},"excerpt":{"rendered":"<p>El programa de viajes del Imserso ha sido criticado por todos, desde hoteleros a agentes de viajes, que denunciaban que en las \u00faltimas convocatorias trabajaban a p\u00e9rdidas. El Ministerio de Derechos Sociales, del cual dependen los viajes de turismo senior, abrir\u00e1 una nueva licitaci\u00f3n introduciendo cambios. Posiblemente las tarifas suban en la temporada 2023\/2024, una &hellip;<\/p>\n","protected":false},"author":408,"featured_media":22109,"comment_status":"closed","ping_status":"open","sticky":false,"template":"","format":"standard","meta":[],"categories":[59],"tags":[],"_links":{"self":[{"href":"https:\/\/www.comunicatur.info\/es\/wp-json\/wp\/v2\/posts\/22114"}],"collection":[{"href":"https:\/\/www.comunicatur.info\/es\/wp-json\/wp\/v2\/posts"}],"about":[{"href":"https:\/\/www.comunicatur.info\/es\/wp-json\/wp\/v2\/types\/post"}],"author":[{"embeddable":true,"href":"https:\/\/www.comunicatur.info\/es\/wp-json\/wp\/v2\/users\/408"}],"replies":[{"embeddable":true,"href":"https:\/\/www.comunicatur.info\/es\/wp-json\/wp\/v2\/comments?post=22114"}],"version-history":[{"count":2,"href":"https:\/\/www.comunicatur.info\/es\/wp-json\/wp\/v2\/posts\/22114\/revisions"}],"predecessor-version":[{"id":22116,"href":"https:\/\/www.comunicatur.info\/es\/wp-json\/wp\/v2\/posts\/22114\/revisions\/22116"}],"wp:featuredmedia":[{"embeddable":true,"href":"https:\/\/www.comunicatur.info\/es\/wp-json\/wp\/v2\/media\/22109"}],"wp:attachment":[{"href":"https:\/\/www.comunicatur.info\/es\/wp-json\/wp\/v2\/media?parent=22114"}],"wp:term":[{"taxonomy":"category","embeddable":true,"href":"https:\/\/www.comunicatur.info\/es\/wp-json\/wp\/v2\/categories?post=22114"},{"taxonomy":"post_tag","embeddable":true,"href":"https:\/\/www.comunicatur.info\/es\/wp-json\/wp\/v2\/tags?post=22114"}],"curies":[{"name":"wp","href":"https:\/\/api.w.org\/{rel}","templated":true}]}}