{"id":22100,"date":"2023-03-07T00:00:27","date_gmt":"2023-03-06T22:00:27","guid":{"rendered":"https:\/\/www.comunicatur.info\/?p=22100"},"modified":"2023-03-05T21:15:33","modified_gmt":"2023-03-05T19:15:33","slug":"la-costa-daurada-pone-en-marcha-una-nueva-edicion-del-convenio-corner","status":"publish","type":"post","link":"https:\/\/www.comunicatur.info\/es\/la-costa-daurada-pone-en-marcha-una-nueva-edicion-del-convenio-corner\/","title":{"rendered":"La Costa Daurada pone en marcha una nueva edici\u00f3n del Convenio C\u00f3rner"},"content":{"rendered":"<p>El Convenio C\u00f3rner, que tiene por objetivo sumar esfuerzos para trasladar al posible turista la diversidad y riqueza de la Costa Daurada, llega a la 19\u00aa edici\u00f3n.<br \/>\nLas acciones m\u00e1s destacadas son <strong>la participaci\u00f3n en 11 ferias tur\u00edsticas nacionales, estatales e internacionales y una campa\u00f1a de comunicaci\u00f3n conjunta.<\/strong> Todo esto bajo el paraguas de la Diputaci\u00f3n de Tarragona.<\/p>\n<p>De este modo diferentes entidades, tanto p\u00fablicas como privadas, tendr\u00e1n la opci\u00f3n de participar en todas las acciones a precios competitivos y de forma independiente de su dimensi\u00f3n.<\/p>\n<p><strong>As\u00ed podr\u00e1n tener presencia en ferias los municipios y consells comarcals siguientes:<\/strong> Altafulla, Calafell, Creixell, Cambrils, Cunit, Mont-roig del Camp, Reus, Roda de Ber\u00e0, Tarragona, Torredembarra, Vandell\u00f2s i l\u2019Hospitalet de l\u2019Infant, la Selva del Camp, el Vendrell, Vila-seca Consell Comarcal del Baix Camp, Consell Comarcal de la Conca de Barber\u00e0-la Ruta del Cister).<\/p>\n<figure id=\"attachment_22095\" aria-describedby=\"caption-attachment-22095\" style=\"width: 300px\" class=\"wp-caption alignright\"><img class=\"size-medium wp-image-22095\" src=\"https:\/\/www.comunicatur.info\/wp-content\/uploads\/2023\/03\/Signaturaconvenicornercostadaurada20230214_18-300x200.jpg\" alt=\"\" width=\"300\" height=\"200\" srcset=\"https:\/\/www.comunicatur.info\/wp-content\/uploads\/2023\/03\/Signaturaconvenicornercostadaurada20230214_18-300x200.jpg 300w, https:\/\/www.comunicatur.info\/wp-content\/uploads\/2023\/03\/Signaturaconvenicornercostadaurada20230214_18-1024x683.jpg 1024w, https:\/\/www.comunicatur.info\/wp-content\/uploads\/2023\/03\/Signaturaconvenicornercostadaurada20230214_18-768x512.jpg 768w, https:\/\/www.comunicatur.info\/wp-content\/uploads\/2023\/03\/Signaturaconvenicornercostadaurada20230214_18-600x400.jpg 600w, https:\/\/www.comunicatur.info\/wp-content\/uploads\/2023\/03\/Signaturaconvenicornercostadaurada20230214_18.jpg 1500w\" sizes=\"(max-width: 300px) 100vw, 300px\" \/><figcaption id=\"caption-attachment-22095\" class=\"wp-caption-text\">Presentaci\u00f3n del Convenio C\u00f3rner 2023<\/figcaption><\/figure>\n<p><strong>En cuanto a las asociaciones empresariales<\/strong>, han firmado el convenio: Asociaci\u00f3n Hotelera Costa Daurada y Terres de l\u2019Ebre, Asociaci\u00f3n Hotelera de la Provincia de Tarragona, Asociaci\u00f3n Campings de la Costa Daurada y les Terres de l\u2019Ebre, Asociaci\u00f3n de Apartamentos tur\u00edsticos de la Costa Daurada, Asociaci\u00f3n de Empresarios de Hosteler\u00eda de la Provincia de Tarragona, Asociaci\u00f3n Costa Daurada destino de Golf y Pitch&amp;Putt, N\u00e0utic Parc, Priorat Enoturisme, Aquopolis, PortAventuraWorld, Federaci\u00f3n de Empresarios de Hosteler\u00eda provincia Tarragona, C\u00e1mara de Comercio, Industria, Servicios y Navegaci\u00f3n de Reus, y Patronato de Turismo de la Diputaci\u00f3n de Tarragona.<\/p>\n<p>Las ferias en que se participar\u00e1 son:<\/p>\n<ul>\n<li>Vakantibeurs (Utrecht-Pa\u00edses Bajos)<\/li>\n<li>Holiday World (Dubl\u00edn-Irlanda)<\/li>\n<li>ITB (Berl\u00edn-Alemania)<\/li>\n<li>Andorra la Vella (Andorra)<\/li>\n<li>WTM (Londres-Reino Unido)<\/li>\n<li>Expo du V\u00e9lo (Estrasburgo-Francia)<\/li>\n<li>B-TRAVEL (Barcelona)<\/li>\n<li>FITUR (Madrid)<\/li>\n<li>Navartur (Pamplona)<\/li>\n<li>Expovacaciones (Bilbao)<\/li>\n<li>Desaf\u00edo Lagos de Covadonga (Asturias)<\/li>\n<\/ul>\n<p>En el Convenio C\u00f3rner 2023 destaca tambi\u00e9n la flexibilidad para adaptarlo a las necesidades de los participantes. As\u00ed, en la participaci\u00f3n en ferias, <strong>se han contemplado dos modalidades<\/strong>: el m\u00f3dulo A, con un mostrador \u00fanico compartido y el m\u00f3dulo B con un espacio m\u00e1s singularizado, con un mostrador independiente, pero siempre dentro del estand de Costa Daurada.<br \/>\nLa inversi\u00f3n global del convenio por parte del Patronato es de 370.570 euros, de los cuales 208.100 se destinar\u00e1n a comunicaci\u00f3n y marketing y 162.470 a inversi\u00f3n en ferias y promociones.<\/p>\n<p>En la presentaci\u00f3n del acuerdo, que tuvo lugar en el Palau de la Diputaci\u00f3n de Tarragona<strong>, la presidenta del Patronato, Mertixell Roig\u00e9<\/strong> dijo que <em><strong>\u201cel Convenio C\u00f3rner mantiene intacto el criterio clave que se ha mantenido inalterable desde su origen y que es compartido por todos los firmantes: ofrecer un abanico de propuestas en materia de comunicaci\u00f3n y marketing y asistencia a ferias que pueda estar al alcance de cualquier entidad de promoci\u00f3n tur\u00edstica independientemente de su dimensi\u00f3n. El objetivo es sumar esfuerzos y estrategias para trasladar al posible turista la gran diversidad y riqueza del destino y provocar su visita\u201d.<\/strong>\u00a0\u00a0 <\/em><\/p>\n<p>Tambi\u00e9n destac\u00f3 que el convenio <em>\u201crefuerza la estrategia al Servicio de las 4D: la desestacionalizaci\u00f3n, la descentralizaci\u00f3n, el aumento del gasto (despesa) y la diversificaci\u00f3n de productos\u201d.<\/em><\/p>\n<p>Por su parte<strong>, la presidenta de la Diputaci\u00f3n, Noem\u00ed Llaurad\u00f3<\/strong>, se\u00f1al\u00f3 que el C\u00f3rner <strong><em>\u201ces una muy buena opci\u00f3n para los firmantes, y a la vez una oportunidad, puesto que les permite llegar mejor y m\u00e1s lejos con la ayuda del Patronato de Turismo de la Diputaci\u00f3n y de las marcas tur\u00edsticas que gestionamos: Costa Daurada y Terres de l\u2019Ebre.\u201d<\/em><\/strong><\/p>\n","protected":false},"excerpt":{"rendered":"<p>El Convenio C\u00f3rner, que tiene por objetivo sumar esfuerzos para trasladar al posible turista la diversidad y riqueza de la Costa Daurada, llega a la 19\u00aa edici\u00f3n. Las acciones m\u00e1s destacadas son la participaci\u00f3n en 11 ferias tur\u00edsticas nacionales, estatales e internacionales y una campa\u00f1a de comunicaci\u00f3n conjunta. Todo esto bajo el paraguas de la &hellip;<\/p>\n","protected":false},"author":408,"featured_media":22097,"comment_status":"closed","ping_status":"open","sticky":false,"template":"","format":"standard","meta":[],"categories":[62],"tags":[],"_links":{"self":[{"href":"https:\/\/www.comunicatur.info\/es\/wp-json\/wp\/v2\/posts\/22100"}],"collection":[{"href":"https:\/\/www.comunicatur.info\/es\/wp-json\/wp\/v2\/posts"}],"about":[{"href":"https:\/\/www.comunicatur.info\/es\/wp-json\/wp\/v2\/types\/post"}],"author":[{"embeddable":true,"href":"https:\/\/www.comunicatur.info\/es\/wp-json\/wp\/v2\/users\/408"}],"replies":[{"embeddable":true,"href":"https:\/\/www.comunicatur.info\/es\/wp-json\/wp\/v2\/comments?post=22100"}],"version-history":[{"count":2,"href":"https:\/\/www.comunicatur.info\/es\/wp-json\/wp\/v2\/posts\/22100\/revisions"}],"predecessor-version":[{"id":22102,"href":"https:\/\/www.comunicatur.info\/es\/wp-json\/wp\/v2\/posts\/22100\/revisions\/22102"}],"wp:featuredmedia":[{"embeddable":true,"href":"https:\/\/www.comunicatur.info\/es\/wp-json\/wp\/v2\/media\/22097"}],"wp:attachment":[{"href":"https:\/\/www.comunicatur.info\/es\/wp-json\/wp\/v2\/media?parent=22100"}],"wp:term":[{"taxonomy":"category","embeddable":true,"href":"https:\/\/www.comunicatur.info\/es\/wp-json\/wp\/v2\/categories?post=22100"},{"taxonomy":"post_tag","embeddable":true,"href":"https:\/\/www.comunicatur.info\/es\/wp-json\/wp\/v2\/tags?post=22100"}],"curies":[{"name":"wp","href":"https:\/\/api.w.org\/{rel}","templated":true}]}}