{"id":22029,"date":"2023-02-22T00:00:20","date_gmt":"2023-02-21T22:00:20","guid":{"rendered":"https:\/\/www.comunicatur.info\/?p=22029"},"modified":"2023-02-21T19:48:30","modified_gmt":"2023-02-21T17:48:30","slug":"cambios-dimisiones-y-vacantes-movimientos-politicos-en-el-turismo","status":"publish","type":"post","link":"https:\/\/www.comunicatur.info\/es\/cambios-dimisiones-y-vacantes-movimientos-politicos-en-el-turismo\/","title":{"rendered":"Cambios, dimisiones y vacantes: movimientos pol\u00edticos en el turismo"},"content":{"rendered":"<p>El fiasco de Renfe, la marcha de la Ministra de Turismo, la direcci\u00f3n vacante de Turismo de Barcelona son algunos de los ejemplos de sillas sacudidas por intereses pol\u00edticos ante las elecciones municipales de mayo.<\/p>\n<p>La Ministra de Transportes, <strong>Raquel S\u00e1nchez<\/strong>, ha subido el list\u00f3n de los cargos que asumen responsabilidades por el desastre de los trenes que no daban las medidas de los t\u00faneles de la red viaria cant\u00e1brica. Ha ofrecido a los presidentes de Asturias, <strong>Adri\u00e1n Barb\u00f3n<\/strong>, y Cantabria, <strong>Miguel \u00c1ngel Revilla<\/strong>, las cabezas del presidente de Renfe y de su Secretaria de Estado.<\/p>\n<p><strong>Isa\u00edas T\u00e1boas<\/strong>, presidente de Renfe e <strong>Isabel Pardo de Ver<\/strong>a, secretaria de Estado de Transportes, han cesado dando paso a los nombramientos casi autom\u00e1ticos de <strong>Ra\u00fcl Blanco<\/strong>, exsecretario general de Industria, para presidir Renfe, y a <strong>David Lucas<\/strong>, secretario de Vivienda, para la Secretar\u00eda de Estado de Transportes.<\/p>\n<p>A estos movimientos en el gobierno de Espa\u00f1a hay que sumarle la reciente marcha de <strong>Fernando Vald<\/strong>\u00e9s como secretario de Estado de Turismo que fue sustituido por <strong>Rosana Morillo<\/strong>, y la m\u00e1s significativa ser\u00e1 la pr\u00f3xima dimisi\u00f3n de la Ministra de Turismo, <strong>Reyes Maroto<\/strong>, que es la candidata a la alcald\u00eda de Madrid. Esta futura marcha puede conllevar a\u00fan m\u00e1s cambios.<\/p>\n<p>Y es que las tensiones pol\u00edticas se acent\u00faan a medida que se acercan los comicios. Los pol\u00edticos intentan marcar perfil y no dar pasos en falso. En esta l\u00ednea tambi\u00e9n se ha movido Turismo de Barcelona que ces\u00f3 en septiembre a <strong>Mari\u00e1n Muro<\/strong> como directora general y tras iniciar un proceso de selecci\u00f3n ha anunciado que lo pospone hasta pasar las elecciones municipales.<\/p>\n<p>No es buena noticia para el sector que la importante gesti\u00f3n del organismo tur\u00edstico de Barcelona quede suspendida por intereses pol\u00edticos. <strong>Eduard Torres<\/strong>, actual presidente del consorcio, asumir\u00e1 provisionalmente la posici\u00f3n directiva. Entre la marcha de Muro hasta el nombramiento de la persona que la substituya podr\u00eda pasar un a\u00f1o.<\/p>\n","protected":false},"excerpt":{"rendered":"<p>El fiasco de Renfe, la marcha de la Ministra de Turismo, la direcci\u00f3n vacante de Turismo de Barcelona son algunos de los ejemplos de sillas sacudidas por intereses pol\u00edticos ante las elecciones municipales de mayo. La Ministra de Transportes, Raquel S\u00e1nchez, ha subido el list\u00f3n de los cargos que asumen responsabilidades por el desastre de &hellip;<\/p>\n","protected":false},"author":408,"featured_media":22038,"comment_status":"closed","ping_status":"open","sticky":false,"template":"","format":"standard","meta":[],"categories":[73],"tags":[],"_links":{"self":[{"href":"https:\/\/www.comunicatur.info\/es\/wp-json\/wp\/v2\/posts\/22029"}],"collection":[{"href":"https:\/\/www.comunicatur.info\/es\/wp-json\/wp\/v2\/posts"}],"about":[{"href":"https:\/\/www.comunicatur.info\/es\/wp-json\/wp\/v2\/types\/post"}],"author":[{"embeddable":true,"href":"https:\/\/www.comunicatur.info\/es\/wp-json\/wp\/v2\/users\/408"}],"replies":[{"embeddable":true,"href":"https:\/\/www.comunicatur.info\/es\/wp-json\/wp\/v2\/comments?post=22029"}],"version-history":[{"count":4,"href":"https:\/\/www.comunicatur.info\/es\/wp-json\/wp\/v2\/posts\/22029\/revisions"}],"predecessor-version":[{"id":22035,"href":"https:\/\/www.comunicatur.info\/es\/wp-json\/wp\/v2\/posts\/22029\/revisions\/22035"}],"wp:featuredmedia":[{"embeddable":true,"href":"https:\/\/www.comunicatur.info\/es\/wp-json\/wp\/v2\/media\/22038"}],"wp:attachment":[{"href":"https:\/\/www.comunicatur.info\/es\/wp-json\/wp\/v2\/media?parent=22029"}],"wp:term":[{"taxonomy":"category","embeddable":true,"href":"https:\/\/www.comunicatur.info\/es\/wp-json\/wp\/v2\/categories?post=22029"},{"taxonomy":"post_tag","embeddable":true,"href":"https:\/\/www.comunicatur.info\/es\/wp-json\/wp\/v2\/tags?post=22029"}],"curies":[{"name":"wp","href":"https:\/\/api.w.org\/{rel}","templated":true}]}}