{"id":22,"date":"2008-01-27T10:10:30","date_gmt":"2008-01-27T10:10:30","guid":{"rendered":"https:\/\/comunicatur.info\/les-aavv-no-pagaran-per-les-reserves-diberia-com-2\/"},"modified":"2008-01-27T10:10:30","modified_gmt":"2008-01-27T10:10:30","slug":"les-aavv-no-pagaran-per-les-reserves-diberia-com-2","status":"publish","type":"post","link":"https:\/\/www.comunicatur.info\/es\/les-aavv-no-pagaran-per-les-reserves-diberia-com-2\/","title":{"rendered":"Las AAVV no pagaran recargo por las reservas de Iberia.com"},"content":{"rendered":"<p>Iberia distribuir\u00e1 todos sus vuelos y tarifas a trav\u00e9s del sistema de reservas Amadeus y a partir del presente a\u00f1o la compa\u00f1\u00eda a\u00e9rea no cobra a las agencias de viajes el cargo por la reserva de vuelos de Iberia.com.<br \/>Este compromiso durar\u00e1 como m\u00ednimo hasta el 2010 y dar\u00e1 cierta estabilidad a las agencias frente a la creciente competencia de la contrataci\u00f3n web. Se trata de una decisi\u00f3n que da respuesta a una reclamaci\u00f3n de las agencias que hasta ahora deb\u00edan pagar un recargo adicional por cada trayecto que reservaban con tarifas de Iberia.com a trav\u00e9s de Amadeus. <\/p>\n<p>En la reserva de vuelos con tarifa web la confirmaci\u00f3n de plaza ser\u00e1 inmediata. En Espa\u00f1a hay m\u00e1s de 9.000 agencias de viajes que utilizan el sistema Amadeus.<\/p>\n","protected":false},"excerpt":{"rendered":"<p>Iberia distribuir\u00e1 todos sus vuelos y tarifas a trav\u00e9s del sistema de reservas Amadeus y a partir del presente a\u00f1o la compa\u00f1\u00eda a\u00e9rea no cobra a las agencias de viajes el cargo por la reserva de vuelos de Iberia.com.<\/p>\n","protected":false},"author":1,"featured_media":0,"comment_status":"close","ping_status":"open","sticky":false,"template":"","format":"standard","meta":[],"categories":[25],"tags":[],"_links":{"self":[{"href":"https:\/\/www.comunicatur.info\/es\/wp-json\/wp\/v2\/posts\/22"}],"collection":[{"href":"https:\/\/www.comunicatur.info\/es\/wp-json\/wp\/v2\/posts"}],"about":[{"href":"https:\/\/www.comunicatur.info\/es\/wp-json\/wp\/v2\/types\/post"}],"author":[{"embeddable":true,"href":"https:\/\/www.comunicatur.info\/es\/wp-json\/wp\/v2\/users\/1"}],"replies":[{"embeddable":true,"href":"https:\/\/www.comunicatur.info\/es\/wp-json\/wp\/v2\/comments?post=22"}],"version-history":[{"count":0,"href":"https:\/\/www.comunicatur.info\/es\/wp-json\/wp\/v2\/posts\/22\/revisions"}],"wp:attachment":[{"href":"https:\/\/www.comunicatur.info\/es\/wp-json\/wp\/v2\/media?parent=22"}],"wp:term":[{"taxonomy":"category","embeddable":true,"href":"https:\/\/www.comunicatur.info\/es\/wp-json\/wp\/v2\/categories?post=22"},{"taxonomy":"post_tag","embeddable":true,"href":"https:\/\/www.comunicatur.info\/es\/wp-json\/wp\/v2\/tags?post=22"}],"curies":[{"name":"wp","href":"https:\/\/api.w.org\/{rel}","templated":true}]}}