{"id":21997,"date":"2023-02-20T00:00:30","date_gmt":"2023-02-19T22:00:30","guid":{"rendered":"https:\/\/www.comunicatur.info\/?p=21997"},"modified":"2023-02-16T00:45:59","modified_gmt":"2023-02-15T22:45:59","slug":"santiago-de-compostela-tambien-tendra-una-tasa-turistica","status":"publish","type":"post","link":"https:\/\/www.comunicatur.info\/es\/santiago-de-compostela-tambien-tendra-una-tasa-turistica\/","title":{"rendered":"Santiago de Compostela tambi\u00e9n tendr\u00e1 una tasa tur\u00edstica"},"content":{"rendered":"<p>El Ayuntamiento de Santiago de Compostela ha acordado con la Xunta de Galicia implantar una tasa a las pernoctaciones tur\u00edsticas. El alcalde se ha reunido con el presidente auton\u00f3mico para dar los pasos necesarios para que el impuesto sea una realidad.<\/p>\n<p>La Xunta ha abierto la puerta a negociarlo. <em><strong>\u201cSi es una propuesta razonable no diremos que no a considerarla\u201d<\/strong><\/em>, ha manifestado el presidente de la Xunta. La ciudad ahora empieza a trabajar el proyecto detallado de tasa para Santiago que presentar\u00e1 en el mes de marzo. Si esa propuesta en profundidad convence al Gobierno gallego, este la remitir\u00eda a trav\u00e9s de un anteproyecto de ley al Parlamento de Galicia para su aprobaci\u00f3n.<\/p>\n<figure id=\"attachment_22004\" aria-describedby=\"caption-attachment-22004\" style=\"width: 300px\" class=\"wp-caption alignright\"><img class=\"size-medium wp-image-22004\" src=\"https:\/\/www.comunicatur.info\/wp-content\/uploads\/2023\/02\/Santiago_Xunta-1-300x200.jpg\" alt=\"\" width=\"300\" height=\"200\" srcset=\"https:\/\/www.comunicatur.info\/wp-content\/uploads\/2023\/02\/Santiago_Xunta-1-300x200.jpg 300w, https:\/\/www.comunicatur.info\/wp-content\/uploads\/2023\/02\/Santiago_Xunta-1-768x512.jpg 768w, https:\/\/www.comunicatur.info\/wp-content\/uploads\/2023\/02\/Santiago_Xunta-1-600x400.jpg 600w, https:\/\/www.comunicatur.info\/wp-content\/uploads\/2023\/02\/Santiago_Xunta-1.jpg 784w\" sizes=\"(max-width: 300px) 100vw, 300px\" \/><figcaption id=\"caption-attachment-22004\" class=\"wp-caption-text\">Presidente de la Xunta, Alfonso Rueda, alcalde de Santiago de Compostela, Xos\u00e9 S\u00e1nchez Bugallo<\/figcaption><\/figure>\n<p>Si la tasa tur\u00edstica de Santiago de Compostela tira adelante <strong>el Parlamento dar\u00e1 luz verde a que cada ayuntamiento establezca de manera voluntaria un impuesto tur\u00edstico.<\/strong> Esta tasa no ser\u00eda obligatoria y no afectar\u00eda a los municipios que no quieran ponerla en pr\u00e1ctica.<\/p>\n<p>El destino de la recaudaci\u00f3n de Santiago ir\u00e1 destinada a aspectos vinculados al turismo como la conservaci\u00f3n de patrimonio o la limpieza de la ciudad. Seg\u00fan fuentes municipales <strong>el importe de la tasa ser\u00eda de entre los 1,80 y los 3 euros por pernoctaci\u00f3n.<\/strong><\/p>\n<p>El Gobierno de Galicia ha recordado que hasta la fecha solo el Ayuntamiento de Santiago de Compostela ha mostrado su inter\u00e9s por contar con una tasa tur\u00edstica.<\/p>\n","protected":false},"excerpt":{"rendered":"<p>El Ayuntamiento de Santiago de Compostela ha acordado con la Xunta de Galicia implantar una tasa a las pernoctaciones tur\u00edsticas. El alcalde se ha reunido con el presidente auton\u00f3mico para dar los pasos necesarios para que el impuesto sea una realidad. La Xunta ha abierto la puerta a negociarlo. \u201cSi es una propuesta razonable no &hellip;<\/p>\n","protected":false},"author":408,"featured_media":21994,"comment_status":"closed","ping_status":"open","sticky":false,"template":"","format":"standard","meta":[],"categories":[74],"tags":[],"_links":{"self":[{"href":"https:\/\/www.comunicatur.info\/es\/wp-json\/wp\/v2\/posts\/21997"}],"collection":[{"href":"https:\/\/www.comunicatur.info\/es\/wp-json\/wp\/v2\/posts"}],"about":[{"href":"https:\/\/www.comunicatur.info\/es\/wp-json\/wp\/v2\/types\/post"}],"author":[{"embeddable":true,"href":"https:\/\/www.comunicatur.info\/es\/wp-json\/wp\/v2\/users\/408"}],"replies":[{"embeddable":true,"href":"https:\/\/www.comunicatur.info\/es\/wp-json\/wp\/v2\/comments?post=21997"}],"version-history":[{"count":3,"href":"https:\/\/www.comunicatur.info\/es\/wp-json\/wp\/v2\/posts\/21997\/revisions"}],"predecessor-version":[{"id":22007,"href":"https:\/\/www.comunicatur.info\/es\/wp-json\/wp\/v2\/posts\/21997\/revisions\/22007"}],"wp:featuredmedia":[{"embeddable":true,"href":"https:\/\/www.comunicatur.info\/es\/wp-json\/wp\/v2\/media\/21994"}],"wp:attachment":[{"href":"https:\/\/www.comunicatur.info\/es\/wp-json\/wp\/v2\/media?parent=21997"}],"wp:term":[{"taxonomy":"category","embeddable":true,"href":"https:\/\/www.comunicatur.info\/es\/wp-json\/wp\/v2\/categories?post=21997"},{"taxonomy":"post_tag","embeddable":true,"href":"https:\/\/www.comunicatur.info\/es\/wp-json\/wp\/v2\/tags?post=21997"}],"curies":[{"name":"wp","href":"https:\/\/api.w.org\/{rel}","templated":true}]}}