{"id":21918,"date":"2023-02-07T00:00:50","date_gmt":"2023-02-06T22:00:50","guid":{"rendered":"https:\/\/www.comunicatur.info\/?p=21918"},"modified":"2023-02-06T00:00:48","modified_gmt":"2023-02-05T22:00:48","slug":"recuperacion-del-arte-de-la-piedra-seca-en-el-bages","status":"publish","type":"post","link":"https:\/\/www.comunicatur.info\/es\/recuperacion-del-arte-de-la-piedra-seca-en-el-bages\/","title":{"rendered":"Recuperaci\u00f3n del arte de la Piedra Seca en el Bages"},"content":{"rendered":"<p>El arte de la Piedra Seca <strong>hace referencia a diferentes tipos de construcciones del \u00e1mbito rural construidas con piedras<\/strong> del entorno inmediato sin ning\u00fan material de cohesi\u00f3n como podr\u00eda ser la cal o el yeso. Las tipolog\u00edas var\u00edan en funci\u00f3n de las necesidades de cada econom\u00eda tradicional agroganadera. As\u00ed encontramos desde caba\u00f1as y barracas hasta balsas, aljibes, puentes, estructuras de caza, hornos de cal, tinas, etc.<\/p>\n<figure id=\"attachment_21914\" aria-describedby=\"caption-attachment-21914\" style=\"width: 300px\" class=\"wp-caption alignright\"><img class=\"wp-image-21914 size-medium\" src=\"https:\/\/www.comunicatur.info\/wp-content\/uploads\/2023\/02\/MUR-DE-PEDRA-SECA-300x200.jpg\" alt=\"\" width=\"300\" height=\"200\" srcset=\"https:\/\/www.comunicatur.info\/wp-content\/uploads\/2023\/02\/MUR-DE-PEDRA-SECA-300x200.jpg 300w, https:\/\/www.comunicatur.info\/wp-content\/uploads\/2023\/02\/MUR-DE-PEDRA-SECA-1024x683.jpg 1024w, https:\/\/www.comunicatur.info\/wp-content\/uploads\/2023\/02\/MUR-DE-PEDRA-SECA-768x512.jpg 768w, https:\/\/www.comunicatur.info\/wp-content\/uploads\/2023\/02\/MUR-DE-PEDRA-SECA-600x400.jpg 600w, https:\/\/www.comunicatur.info\/wp-content\/uploads\/2023\/02\/MUR-DE-PEDRA-SECA-1536x1024.jpg 1536w, https:\/\/www.comunicatur.info\/wp-content\/uploads\/2023\/02\/MUR-DE-PEDRA-SECA.jpg 1920w\" sizes=\"(max-width: 300px) 100vw, 300px\" \/><figcaption id=\"caption-attachment-21914\" class=\"wp-caption-text\">Muro de piedra tosca. Foto: Jacques Gaimard<\/figcaption><\/figure>\n<p>En todos los casos <strong>se trata de una arquitectura totalmente integrada en el entorno<\/strong>, hasta el punto de que han contribuido a la configuraci\u00f3n del paisaje. Por todo esto en 2018 <strong>la Unesco incluy\u00f3 el arte de la Piedra Seca en la Lista del Patrimonio Inmaterial<\/strong>, en una candidatura internacional de varios pa\u00edses europeos. Se calcula que en Catalu\u00f1a hay m\u00e1s de 19.000 elementos de estas caracter\u00edsticas y el Bages es la comarca que m\u00e1s tiene. Esto se debe a que, entre 1860 y 1890 fue la comarca con m\u00e1s vides de todo el pa\u00eds, con 27.000 hect\u00e1reas.<\/p>\n<p><strong>El Pont de Vilomara i Rocafort es el municipio de Catalu\u00f1a con m\u00e1s construcciones de piedra seca<\/strong>, puesto que cuenta 1.754: 1.147 barracas, 327 construcciones para almacenar agua, 17 hornos, 110 muros y conjuntos de muros significativos y 153 construcciones varias (tinas, colmenas y puentes).<\/p>\n<h4>Recuperaci\u00f3n despu\u00e9s del incendio de julio<\/h4>\n<figure id=\"attachment_21912\" aria-describedby=\"caption-attachment-21912\" style=\"width: 186px\" class=\"wp-caption alignright\"><img class=\"size-medium wp-image-21912\" src=\"https:\/\/www.comunicatur.info\/wp-content\/uploads\/2023\/02\/Escut_de_El_Pont_de_Vilomara_i_Rocafort.svg-186x300.png\" alt=\"\" width=\"186\" height=\"300\" srcset=\"https:\/\/www.comunicatur.info\/wp-content\/uploads\/2023\/02\/Escut_de_El_Pont_de_Vilomara_i_Rocafort.svg-186x300.png 186w, https:\/\/www.comunicatur.info\/wp-content\/uploads\/2023\/02\/Escut_de_El_Pont_de_Vilomara_i_Rocafort.svg.png 372w\" sizes=\"(max-width: 186px) 100vw, 186px\" \/><figcaption id=\"caption-attachment-21912\" class=\"wp-caption-text\">Escudo del municipio de El Pont de Vilomara i Rocafort<\/figcaption><\/figure>\n<p>La Diputaci\u00f3n de Barcelona quiere recuperar para el turismo el patrimonio de piedra seca despu\u00e9s del gran incendio de El Pont de Vilomara i Rocafort del verano pasado, que afect\u00f3 a un total de 1.700 hect\u00e1reas y malogr\u00f3 los valles del Flequer y del Farell. Pero <strong>el incendio tambi\u00e9n fue una oportunidad para reavivar el pasado vitivin\u00edcola de la zona,<\/strong> puesto que las diversas estructuras de piedra seca no se vieron demasiado afectadas.<br \/>\n<strong>El objetivo es recuperar todo este patrimonio para el uso tur\u00edstico en las tinas del Flequer<\/strong>. Las tinas de piedra seca fueron utilizadas para producir vino en los mismos campos en el que se cultivaron y fueron construidas en medio de las vi\u00f1as de los lugares m\u00e1s aislados.<br \/>\nTen\u00e9is m\u00e1s informaci\u00f3n en la web del ayuntamiento de El Pont de Vilomara i Rocafort <a href=\"https:\/\/www-elpont-cat.translate.goog\/el-municipi\/turisme\/patrimoni-de-pedra-seca\/?_x_tr_sl=ca&amp;_x_tr_tl=es&amp;_x_tr_hl=esie%3DUTF-8\" target=\"_blank\" rel=\"noopener\"><strong>AQU\u00cd.<\/strong><\/a><\/p>\n<p>Por eso, <strong>a lo largo de este 2023, se est\u00e1n creando diferentes rutas que muestren los diversos tipos de piedra seca<\/strong> y se elaborar\u00e1 material pedag\u00f3gico para trabajar en las escuelas.<\/p>\n<figure id=\"attachment_21910\" aria-describedby=\"caption-attachment-21910\" style=\"width: 300px\" class=\"wp-caption alignright\"><img class=\"wp-image-21910 size-medium\" src=\"https:\/\/www.comunicatur.info\/wp-content\/uploads\/2023\/02\/abigail_Pablo-Blazquez_B1_0874-300x199.jpg\" alt=\"\" width=\"300\" height=\"199\" srcset=\"https:\/\/www.comunicatur.info\/wp-content\/uploads\/2023\/02\/abigail_Pablo-Blazquez_B1_0874-300x199.jpg 300w, https:\/\/www.comunicatur.info\/wp-content\/uploads\/2023\/02\/abigail_Pablo-Blazquez_B1_0874-1024x681.jpg 1024w, https:\/\/www.comunicatur.info\/wp-content\/uploads\/2023\/02\/abigail_Pablo-Blazquez_B1_0874-768x510.jpg 768w, https:\/\/www.comunicatur.info\/wp-content\/uploads\/2023\/02\/abigail_Pablo-Blazquez_B1_0874-600x399.jpg 600w, https:\/\/www.comunicatur.info\/wp-content\/uploads\/2023\/02\/abigail_Pablo-Blazquez_B1_0874.jpg 1181w\" sizes=\"(max-width: 300px) 100vw, 300px\" \/><figcaption id=\"caption-attachment-21910\" class=\"wp-caption-text\">La diputada de Turismo, Abigail Garrido, en Fitur. Foto: Pablo Bl\u00e1zquez \/ Diputaci\u00f3n de Barcelona<\/figcaption><\/figure>\n<p>La diputada de turismo de la Diputaci\u00f3n de Barcelona, <strong>Abigail Garrido<\/strong>, present\u00f3 este proyecto con el alcalde de El Pont de Vilomara i Rocafort, <strong>Enric Camp\u00e0s<\/strong> en Fitur. Garrido destac\u00f3 la importancia tur\u00edstica del proyecto, <strong><em>\u201cpor su gran valor patrimonial y por el inter\u00e9s enotur\u00edstico que puede generar\u201d. <\/em><\/strong>Tambi\u00e9n dijo que <em>\u201cel destino Barcelona es un destino enotur\u00edstico de primer nivel con sus cinco denominaciones de origen y experiencias tur\u00edsticas variadas y productos de gran calidad\u201d.<\/em><\/p>\n","protected":false},"excerpt":{"rendered":"<p>El arte de la Piedra Seca hace referencia a diferentes tipos de construcciones del \u00e1mbito rural construidas con piedras del entorno inmediato sin ning\u00fan material de cohesi\u00f3n como podr\u00eda ser la cal o el yeso. Las tipolog\u00edas var\u00edan en funci\u00f3n de las necesidades de cada econom\u00eda tradicional agroganadera. As\u00ed encontramos desde caba\u00f1as y barracas hasta &hellip;<\/p>\n","protected":false},"author":408,"featured_media":21908,"comment_status":"closed","ping_status":"open","sticky":false,"template":"","format":"standard","meta":[],"categories":[62],"tags":[],"_links":{"self":[{"href":"https:\/\/www.comunicatur.info\/es\/wp-json\/wp\/v2\/posts\/21918"}],"collection":[{"href":"https:\/\/www.comunicatur.info\/es\/wp-json\/wp\/v2\/posts"}],"about":[{"href":"https:\/\/www.comunicatur.info\/es\/wp-json\/wp\/v2\/types\/post"}],"author":[{"embeddable":true,"href":"https:\/\/www.comunicatur.info\/es\/wp-json\/wp\/v2\/users\/408"}],"replies":[{"embeddable":true,"href":"https:\/\/www.comunicatur.info\/es\/wp-json\/wp\/v2\/comments?post=21918"}],"version-history":[{"count":3,"href":"https:\/\/www.comunicatur.info\/es\/wp-json\/wp\/v2\/posts\/21918\/revisions"}],"predecessor-version":[{"id":21921,"href":"https:\/\/www.comunicatur.info\/es\/wp-json\/wp\/v2\/posts\/21918\/revisions\/21921"}],"wp:featuredmedia":[{"embeddable":true,"href":"https:\/\/www.comunicatur.info\/es\/wp-json\/wp\/v2\/media\/21908"}],"wp:attachment":[{"href":"https:\/\/www.comunicatur.info\/es\/wp-json\/wp\/v2\/media?parent=21918"}],"wp:term":[{"taxonomy":"category","embeddable":true,"href":"https:\/\/www.comunicatur.info\/es\/wp-json\/wp\/v2\/categories?post=21918"},{"taxonomy":"post_tag","embeddable":true,"href":"https:\/\/www.comunicatur.info\/es\/wp-json\/wp\/v2\/tags?post=21918"}],"curies":[{"name":"wp","href":"https:\/\/api.w.org\/{rel}","templated":true}]}}