{"id":21903,"date":"2023-02-06T00:00:30","date_gmt":"2023-02-05T22:00:30","guid":{"rendered":"https:\/\/www.comunicatur.info\/?p=21903"},"modified":"2023-02-05T23:24:31","modified_gmt":"2023-02-05T21:24:31","slug":"la-oferta-de-alojamiento-en-lleida-crece-un-14-en-cinco-anos","status":"publish","type":"post","link":"https:\/\/www.comunicatur.info\/es\/la-oferta-de-alojamiento-en-lleida-crece-un-14-en-cinco-anos\/","title":{"rendered":"La oferta de alojamiento en Lleida crece un 14 % en cinco a\u00f1os"},"content":{"rendered":"<p>La provincia de Lleida ha registrado en los \u00faltimos cinco a\u00f1os un crecimiento del 14% de las plazas de los alojamientos tur\u00edsticos. De las 75.620 plazas existentes, el 83,4 % se encuentran situadas en el Pirineo. Este fuerte incremento se debe a las plazas vinculadas a los apartamentos de viviendas de uso tur\u00edstico.<\/p>\n<p><a href=\"https:\/\/catedratim.udl.cat\/ca\/flash\/Flash-Informatiu-3\/\" target=\"_blank\" rel=\"noopener\"><img class=\"alignright size-medium wp-image-21900\" src=\"https:\/\/www.comunicatur.info\/wp-content\/uploads\/2023\/02\/rural-300x181.png\" alt=\"\" width=\"300\" height=\"181\" srcset=\"https:\/\/www.comunicatur.info\/wp-content\/uploads\/2023\/02\/rural-300x181.png 300w, https:\/\/www.comunicatur.info\/wp-content\/uploads\/2023\/02\/rural-768x463.png 768w, https:\/\/www.comunicatur.info\/wp-content\/uploads\/2023\/02\/rural-600x362.png 600w, https:\/\/www.comunicatur.info\/wp-content\/uploads\/2023\/02\/rural-780x470.png 780w, https:\/\/www.comunicatur.info\/wp-content\/uploads\/2023\/02\/rural.png 900w\" sizes=\"(max-width: 300px) 100vw, 300px\" \/><\/a>La provincia de Lleida, formada por las marcas tur\u00edsticas Pirineos, Aran y Tierras de Lleida, han pasado de 3.421 establecimientos y 66.344 plazas en 2017 a 5.312 establecimientos y 75.620 plazas a finales de 2022. Unos datos que representan 1.891 nuevos establecimientos y 9.276 plazas nuevas en estos cinco a\u00f1os. Por marcas tur\u00edsticas, Pirineo de Lleida dispone de 44.815 plazas (59,3 %), Aran tiene 18,249 (24,1 %) y Tierras de Lleida, 12.556 (16,6 %).<\/p>\n<p>Estos datos son fruto del <a href=\"https:\/\/catedratim.udl.cat\/ca\/flash\/Flash-Informatiu-3\/\" target=\"_blank\" rel=\"noopener\">an\u00e1lisis efectuado por la C\u00e1tedra de Turismo de Interior y de Monta\u00f1a<\/a>, que tiene la colaboraci\u00f3n del Patronato de Turismo. El estudio hace una radiograf\u00eda de la distribuci\u00f3n y la concentraci\u00f3n de la oferta en diferentes municipios.<\/p>\n<p><a href=\"https:\/\/catedratim.udl.cat\/ca\/flash\/Flash-Informatiu-3\/\" target=\"_blank\" rel=\"noopener\">Accede al estudio<\/a><\/p>\n","protected":false},"excerpt":{"rendered":"<p>La provincia de Lleida ha registrado en los \u00faltimos cinco a\u00f1os un crecimiento del 14% de las plazas de los alojamientos tur\u00edsticos. De las 75.620 plazas existentes, el 83,4 % se encuentran situadas en el Pirineo. Este fuerte incremento se debe a las plazas vinculadas a los apartamentos de viviendas de uso tur\u00edstico. La provincia &hellip;<\/p>\n","protected":false},"author":408,"featured_media":21898,"comment_status":"closed","ping_status":"open","sticky":false,"template":"","format":"standard","meta":[],"categories":[62],"tags":[],"_links":{"self":[{"href":"https:\/\/www.comunicatur.info\/es\/wp-json\/wp\/v2\/posts\/21903"}],"collection":[{"href":"https:\/\/www.comunicatur.info\/es\/wp-json\/wp\/v2\/posts"}],"about":[{"href":"https:\/\/www.comunicatur.info\/es\/wp-json\/wp\/v2\/types\/post"}],"author":[{"embeddable":true,"href":"https:\/\/www.comunicatur.info\/es\/wp-json\/wp\/v2\/users\/408"}],"replies":[{"embeddable":true,"href":"https:\/\/www.comunicatur.info\/es\/wp-json\/wp\/v2\/comments?post=21903"}],"version-history":[{"count":1,"href":"https:\/\/www.comunicatur.info\/es\/wp-json\/wp\/v2\/posts\/21903\/revisions"}],"predecessor-version":[{"id":21904,"href":"https:\/\/www.comunicatur.info\/es\/wp-json\/wp\/v2\/posts\/21903\/revisions\/21904"}],"wp:featuredmedia":[{"embeddable":true,"href":"https:\/\/www.comunicatur.info\/es\/wp-json\/wp\/v2\/media\/21898"}],"wp:attachment":[{"href":"https:\/\/www.comunicatur.info\/es\/wp-json\/wp\/v2\/media?parent=21903"}],"wp:term":[{"taxonomy":"category","embeddable":true,"href":"https:\/\/www.comunicatur.info\/es\/wp-json\/wp\/v2\/categories?post=21903"},{"taxonomy":"post_tag","embeddable":true,"href":"https:\/\/www.comunicatur.info\/es\/wp-json\/wp\/v2\/tags?post=21903"}],"curies":[{"name":"wp","href":"https:\/\/api.w.org\/{rel}","templated":true}]}}