{"id":2188,"date":"2010-03-31T00:00:00","date_gmt":"2010-03-31T00:00:00","guid":{"rendered":"https:\/\/comunicatur.info\/el-turisme-de-reunions-genera-31-milions-deuros-a-les-comarques-de-girona-2\/"},"modified":"2010-03-31T00:00:00","modified_gmt":"2010-03-31T00:00:00","slug":"el-turisme-de-reunions-genera-31-milions-deuros-a-les-comarques-de-girona-2","status":"publish","type":"post","link":"https:\/\/www.comunicatur.info\/es\/el-turisme-de-reunions-genera-31-milions-deuros-a-les-comarques-de-girona-2\/","title":{"rendered":"El turismo de reuniones genera 31 millones de euros en la provincia de Girona"},"content":{"rendered":"<p>85.731 delegados participaron en los 929 actos vinculados al turismo de negocios (congresos, convenciones, jornadas, incentivos&#8230;) que tuvieron lugar en la provincia de Girona durante el 2009. El Girona Convention Bureau estima que el impacto econ\u00f3mico directo generado por el turismo de negocios fue de 31.187.705\u201959\u20ac el pasado a\u00f1o. <\/p>\n<p> <\/p>\n<p>El ejercicio MICE en Girona se cerr\u00f3 con incrementos tanto del n\u00famero de actividades (+4.5%) como de delegados participantes (+6.4%). De los 929 actos celebrados en las comarcas gerundenses, el 52.31% han sido reuniones de m\u00e1s de 50 personas (486), el 13.78% jornadas (128), el 13.35% presentaciones de producto (124) y el 9% viajes de incentivos vinculados a una empresa. Estos datos representan un aumento del n\u00famero de presentaciones, reuniones y viajes de incentivos y una disminuci\u00f3n de las jornadas y las convenciones, respecto al a\u00f1o anterior. <\/p>\n<p>En n\u00fameros absolutos y seg\u00fan la tipolog\u00eda del acontecimiento, participaron 39.062 delegados en jornadas, 11.134 fueron asistentes a reuniones, 10.628 participantes en convenciones, 9.965 delegados en congresos, 8.869 asistentes a presentaciones de producto y 6.093 vinculados a viajes de incentivos. El 55% de la actividad MICE tuvo car\u00e1cter regional, poco m\u00e1s del 28% fueron del \u00e1mbito estatal y el 16% restante internacional. <\/p>\n<p>El sector privado ha sido el principal dinamizador del turismo de reuniones en las comarcas de Girona. Un 88% de las reuniones han sido generadas por organizadores privadas y un 12% por el sector p\u00fablico. <\/p>\n<p>El sector de actividad que m\u00e1s actos ha celebrado en la demarcaci\u00f3n de Girona es el econ\u00f3mico\/comercial que representa el 32.51% del total (302), en segundo lugar se sit\u00faa el sector Cultural que ha celebrado un 12.81% del total de encuentros (119), seguido del sector M\u00e9dico\/Sanitario con el 10.44% (97), el Tecnol\u00f3gico 7.75% (72), el 2.91% pertenece al sector Cient\u00edfico (27), el 2.80% al Acad\u00e9mico (26) y el 2.48% al sector P\u00fablico (23). El 28.31% restante (263) pertenece a otros sectores no contemplados de manera individual. <\/p>\n<p><a href=\"https:\/\/www.comunicatur.info\/cms\/images\/stories\/documents\/reunions_girona2009.pdf\"> Consulta el estudio del Girona Convention Bureau <\/a><\/p>\n","protected":false},"excerpt":{"rendered":"<p>85.731 delegados participaron en los 929 actos vinculados al turismo de negocios (congresos, convenciones, jornadas, incentivos&#8230;) que tuvieron lugar en la provincia de Girona durante el 2009. El Girona Convention Bureau estima que el impacto econ\u00f3mico directo generado por el turismo de negocios fue de 31.187.705\u201959\u20ac el pasado a\u00f1o. <\/p>\n","protected":false},"author":1,"featured_media":0,"comment_status":"close","ping_status":"open","sticky":false,"template":"","format":"standard","meta":[],"categories":[35],"tags":[],"_links":{"self":[{"href":"https:\/\/www.comunicatur.info\/es\/wp-json\/wp\/v2\/posts\/2188"}],"collection":[{"href":"https:\/\/www.comunicatur.info\/es\/wp-json\/wp\/v2\/posts"}],"about":[{"href":"https:\/\/www.comunicatur.info\/es\/wp-json\/wp\/v2\/types\/post"}],"author":[{"embeddable":true,"href":"https:\/\/www.comunicatur.info\/es\/wp-json\/wp\/v2\/users\/1"}],"replies":[{"embeddable":true,"href":"https:\/\/www.comunicatur.info\/es\/wp-json\/wp\/v2\/comments?post=2188"}],"version-history":[{"count":0,"href":"https:\/\/www.comunicatur.info\/es\/wp-json\/wp\/v2\/posts\/2188\/revisions"}],"wp:attachment":[{"href":"https:\/\/www.comunicatur.info\/es\/wp-json\/wp\/v2\/media?parent=2188"}],"wp:term":[{"taxonomy":"category","embeddable":true,"href":"https:\/\/www.comunicatur.info\/es\/wp-json\/wp\/v2\/categories?post=2188"},{"taxonomy":"post_tag","embeddable":true,"href":"https:\/\/www.comunicatur.info\/es\/wp-json\/wp\/v2\/tags?post=2188"}],"curies":[{"name":"wp","href":"https:\/\/api.w.org\/{rel}","templated":true}]}}