{"id":21872,"date":"2023-02-01T00:00:50","date_gmt":"2023-01-31T22:00:50","guid":{"rendered":"https:\/\/www.comunicatur.info\/?p=21872"},"modified":"2023-01-30T22:11:53","modified_gmt":"2023-01-30T20:11:53","slug":"la-diputacion-de-barcelona-fomenta-el-cicloturismo-con-la-vuelta-2023","status":"publish","type":"post","link":"https:\/\/www.comunicatur.info\/es\/la-diputacion-de-barcelona-fomenta-el-cicloturismo-con-la-vuelta-2023\/","title":{"rendered":"La Diputaci\u00f3n de Barcelona fomenta el cicloturismo con La Vuelta 2023"},"content":{"rendered":"<p>M\u00e1s de 10.000 kil\u00f3metros de carriles ciclotransitables en el conjunto de las comarcas barcelonesas muestran la apuesta firme de la Diputaci\u00f3n de Barcelona, los ayuntamientos y consorcios para <strong>promocionar el cicloturismo como impulsor del valor natural del territorio, los h\u00e1bitos saludables y el turismo deportivo y familiar.<\/strong><br \/>\nPor todos estos motivos, la Diputaci\u00f3n ha decidido colaborar firmemente con los organizadores de La Vuelta 2023. Esta carrera ciclista por etapas, una de las tres m\u00e1s importantes del calendario, junto al Tour de Francia y el Giro de Italia, <strong>tiene una destacada presencia barcelonesa este a\u00f1o. <\/strong><\/p>\n<p><img class=\"alignright size-full wp-image-21863\" src=\"https:\/\/www.comunicatur.info\/wp-content\/uploads\/2023\/01\/La-Vuelta-2023.png\" alt=\"\" width=\"179\" height=\"96\" \/>Por segunda vez en la historia de la prueba, el inicio de la carrera tendr\u00e1 como escenario la ciudad de Barcelona. El \u00fanico antecedente de este hecho lo encontramos en el a\u00f1o 1962, hace pues, 60 a\u00f1os.<br \/>\n<strong>La Vuelta arrancar\u00e1 la tarde del 26 de agosto con una contrarreloj por equipos de 14,6 kil\u00f3metros y que saldr\u00e1 del Port Ol\u00edmpic de Barcelona<\/strong> (Playa del Somorrostro).<br \/>\nRecorrer\u00e1 algunos de los lugares m\u00e1s emblem\u00e1ticos de la ciudad para llegar a la avenida de la Reina Mar\u00eda Cristina.<\/p>\n<p><strong>La segunda etapa tendr\u00e1 la salida en Matar\u00f3 y acabar\u00e1 tambi\u00e9n en la ciudad de Barcelona, a las puertas del Estadio Ol\u00edmpico Llu\u00eds Companys.<\/strong> Con 181,3 km, pasar\u00e1 por los municipios de la Roca del Vall\u00e8s, Montorn\u00e8s del Vall\u00e8s, Montmel\u00f3, el Circuit de Catalunya, el Parc Natural de Sant Lloren\u00e7 del Munt i l\u2019Obac, Navarcles, Sant Fruit\u00f3s de Bages, Manresa, Castellvell i el Vilar, Olesa de Montserrat, Sant Andreu de la Barca, Molins de Rei, Sant Feliu de Llobregat, Sant Joan Desp\u00ed, Cornell\u00e0 de Llobregat y l\u2019Hospitalet de Llobregat.<br \/>\nFinalmente, <strong>la tercera etapa, con un recorrido de 158,5 km, empezar\u00e1 en S\u00faria<\/strong> y pasar\u00e1 por Cardona antes de entrar en la provincia de Lleida, destino a Arinsal.<\/p>\n<p>La Diputaci\u00f3n de Barcelona aprovech\u00f3 la feria Fitur para presentar esta colaboraci\u00f3n con La Vuelta. Bajo el eslogan <strong><em>\u201cPedalea con la Vuelta al destino Barcelona\u201d<\/em><\/strong><em>,<\/em> la presentaci\u00f3n fue a cargo de <strong>N\u00faria Mar\u00edn<\/strong>, presidenta de la Diputaci\u00f3n de Barcelona; <strong>David Escud\u00e9<\/strong>, diputado de Deportes de la Diputaci\u00f3n y concejal de Deportes del Ayuntamiento de Barcelona; <strong>Javier Guill\u00e9n<\/strong>, director general de La Vuelta y el exciclista profesional barcelon\u00e9s <strong>Joaquim Rodr\u00edguez<\/strong>, conocido como \u201cPurito\u201d.<\/p>\n<figure id=\"attachment_21870\" aria-describedby=\"caption-attachment-21870\" style=\"width: 300px\" class=\"wp-caption alignright\"><img class=\"size-medium wp-image-21870\" src=\"https:\/\/www.comunicatur.info\/wp-content\/uploads\/2023\/02\/Domenec-Fernandez_Diputacio-de-Barcelona-300x205.png\" alt=\"\" width=\"300\" height=\"205\" srcset=\"https:\/\/www.comunicatur.info\/wp-content\/uploads\/2023\/02\/Domenec-Fernandez_Diputacio-de-Barcelona-300x205.png 300w, https:\/\/www.comunicatur.info\/wp-content\/uploads\/2023\/02\/Domenec-Fernandez_Diputacio-de-Barcelona-220x150.png 220w, https:\/\/www.comunicatur.info\/wp-content\/uploads\/2023\/02\/Domenec-Fernandez_Diputacio-de-Barcelona.png 538w\" sizes=\"(max-width: 300px) 100vw, 300px\" \/><figcaption id=\"caption-attachment-21870\" class=\"wp-caption-text\">Dom\u00e8nec Fern\u00e1ndez \/ Diputaci\u00f3 de Barcelona<\/figcaption><\/figure>\n<p>Se espera que la presencia de los mejores ciclistas del mundo y la gran cobertura medi\u00e1tica de la prueba, den un impulso a las rutas ciclables de la provincia. <strong>De los 10.000 kil\u00f3metros ciclotransitables, 6.000 son aptos para hacer rutas en BTT; unos 3.000 lo son para practicar cicloturismo deportivo y m\u00e1s de 1.000 son aptos para la movilidad de proximidad.<br \/>\n<\/strong>Adem\u00e1s, hay que recordar que <strong>la red se ampliar\u00e1 pr\u00f3ximamente con los 300 kil\u00f3metros de Vies Blaves<\/strong>, el conocido proyecto de recuperar los cauces de los r\u00edos Llobregat, Cardener y Anoia para hacer rutas de movilidad lenta. Las Vies Blaves pasar\u00e1n por 49 municipios de 7 comarcas (Alt Pened\u00e8s, Anoia, Bages, Baix Llobregat, Bergued\u00e0, Solson\u00e8s y Vall\u00e8s Occidental) y conectar\u00e1n cerca de 5 millones de persones. El trazado circula cerca de 3 parques naturales, 12 espacios naturales protegidos y 8 espacios tur\u00edsticos.<\/p>\n","protected":false},"excerpt":{"rendered":"<p>M\u00e1s de 10.000 kil\u00f3metros de carriles ciclotransitables en el conjunto de las comarcas barcelonesas muestran la apuesta firme de la Diputaci\u00f3n de Barcelona, los ayuntamientos y consorcios para promocionar el cicloturismo como impulsor del valor natural del territorio, los h\u00e1bitos saludables y el turismo deportivo y familiar. Por todos estos motivos, la Diputaci\u00f3n ha decidido &hellip;<\/p>\n","protected":false},"author":408,"featured_media":21858,"comment_status":"closed","ping_status":"open","sticky":false,"template":"","format":"standard","meta":[],"categories":[62],"tags":[],"_links":{"self":[{"href":"https:\/\/www.comunicatur.info\/es\/wp-json\/wp\/v2\/posts\/21872"}],"collection":[{"href":"https:\/\/www.comunicatur.info\/es\/wp-json\/wp\/v2\/posts"}],"about":[{"href":"https:\/\/www.comunicatur.info\/es\/wp-json\/wp\/v2\/types\/post"}],"author":[{"embeddable":true,"href":"https:\/\/www.comunicatur.info\/es\/wp-json\/wp\/v2\/users\/408"}],"replies":[{"embeddable":true,"href":"https:\/\/www.comunicatur.info\/es\/wp-json\/wp\/v2\/comments?post=21872"}],"version-history":[{"count":2,"href":"https:\/\/www.comunicatur.info\/es\/wp-json\/wp\/v2\/posts\/21872\/revisions"}],"predecessor-version":[{"id":21874,"href":"https:\/\/www.comunicatur.info\/es\/wp-json\/wp\/v2\/posts\/21872\/revisions\/21874"}],"wp:featuredmedia":[{"embeddable":true,"href":"https:\/\/www.comunicatur.info\/es\/wp-json\/wp\/v2\/media\/21858"}],"wp:attachment":[{"href":"https:\/\/www.comunicatur.info\/es\/wp-json\/wp\/v2\/media?parent=21872"}],"wp:term":[{"taxonomy":"category","embeddable":true,"href":"https:\/\/www.comunicatur.info\/es\/wp-json\/wp\/v2\/categories?post=21872"},{"taxonomy":"post_tag","embeddable":true,"href":"https:\/\/www.comunicatur.info\/es\/wp-json\/wp\/v2\/tags?post=21872"}],"curies":[{"name":"wp","href":"https:\/\/api.w.org\/{rel}","templated":true}]}}