{"id":21844,"date":"2023-01-31T00:00:53","date_gmt":"2023-01-30T22:00:53","guid":{"rendered":"https:\/\/www.comunicatur.info\/?p=21844"},"modified":"2023-01-29T15:04:36","modified_gmt":"2023-01-29T13:04:36","slug":"les-agencies-de-viatges-superen-la-por-al-tancament","status":"publish","type":"post","link":"https:\/\/www.comunicatur.info\/es\/les-agencies-de-viatges-superen-la-por-al-tancament\/","title":{"rendered":"Las agencias de viajes superan el miedo al cierre"},"content":{"rendered":"<p>El sector de las agencias de viajes se recupera despu\u00e9s de haber recibido el mayor impacto por la Covid. Este a\u00f1o 2023 se presenta con unas perspectivas muy positivas, el 60% de los profesionales de las agencias manifiestan que tendr\u00e1n entre un 5 y un 15% m\u00e1s de reservas que en el 2022. El presidente de la Asociaci\u00f3n Corporativa de Agencias de Viajes Especializadas (Acave), Jordi Mart\u00ed, ha confirmado que la recuperaci\u00f3n de su sector es <em>\u201cconsistente y estable\u201d.<\/em><\/p>\n<p>Han dejado atr\u00e1s la pesadilla que supuso la pandemia con el cierre de una gran parte de los puntos de venta, ahora el sector ha recuperado hasta el 86% de estos puntos de venta y la totalidad de la plantilla. As\u00ed pues, la encuesta de Acave asegura que un 13% de las agencias se mantienen en una inestabilidad financiera mientras que un 32 % afirma que tiene una situaci\u00f3n m\u00e1s s\u00f3lida que en el a\u00f1o 2021 aunque no hayan recuperado la facturaci\u00f3n del 2019. Solo un 10% teme que la inflaci\u00f3n y la coyuntura econ\u00f3mica general le vaya a suponer una ca\u00edda de ingresos y de reservas respecto al \u00faltimo ejercicio.<\/p>\n<p>La confianza de las agencias para este a\u00f1o contrasta con el \u00edndice que mide la confianza de las empresas. En este sentido, en Catalu\u00f1a, seg\u00fan el Instituto de estad\u00edstica catal\u00e1n la confianza en el sector empresarial ha ca\u00eddo un 0,3 % respecto al \u00faltimo trimestre del a\u00f1o pasado. Precisamente los sectores de la hosteler\u00eda y el transporte son los que han manifestado para el periodo enero-marzo una confianza m\u00e1s baja mientras que la industria, la construcci\u00f3n y el comercio se han mostrado m\u00e1s optimistas sobre c\u00f3mo va a funcionar este inicio de ejercicio 2023. Concretamente, las empresas de hosteler\u00eda y transporte han reducido el optimismo de finales de a\u00f1o en un 4,2%, siendo los sectores que menos confianza transmiten sobre el futuro econ\u00f3mico de sus empresas.<\/p>\n","protected":false},"excerpt":{"rendered":"<p>El sector de las agencias de viajes se recupera despu\u00e9s de haber recibido el mayor impacto por la Covid. Este a\u00f1o 2023 se presenta con unas perspectivas muy positivas, el 60% de los profesionales de las agencias manifiestan que tendr\u00e1n entre un 5 y un 15% m\u00e1s de reservas que en el 2022. El presidente &hellip;<\/p>\n","protected":false},"author":408,"featured_media":21845,"comment_status":"closed","ping_status":"open","sticky":false,"template":"","format":"standard","meta":[],"categories":[66],"tags":[],"_links":{"self":[{"href":"https:\/\/www.comunicatur.info\/es\/wp-json\/wp\/v2\/posts\/21844"}],"collection":[{"href":"https:\/\/www.comunicatur.info\/es\/wp-json\/wp\/v2\/posts"}],"about":[{"href":"https:\/\/www.comunicatur.info\/es\/wp-json\/wp\/v2\/types\/post"}],"author":[{"embeddable":true,"href":"https:\/\/www.comunicatur.info\/es\/wp-json\/wp\/v2\/users\/408"}],"replies":[{"embeddable":true,"href":"https:\/\/www.comunicatur.info\/es\/wp-json\/wp\/v2\/comments?post=21844"}],"version-history":[{"count":4,"href":"https:\/\/www.comunicatur.info\/es\/wp-json\/wp\/v2\/posts\/21844\/revisions"}],"predecessor-version":[{"id":21853,"href":"https:\/\/www.comunicatur.info\/es\/wp-json\/wp\/v2\/posts\/21844\/revisions\/21853"}],"wp:featuredmedia":[{"embeddable":true,"href":"https:\/\/www.comunicatur.info\/es\/wp-json\/wp\/v2\/media\/21845"}],"wp:attachment":[{"href":"https:\/\/www.comunicatur.info\/es\/wp-json\/wp\/v2\/media?parent=21844"}],"wp:term":[{"taxonomy":"category","embeddable":true,"href":"https:\/\/www.comunicatur.info\/es\/wp-json\/wp\/v2\/categories?post=21844"},{"taxonomy":"post_tag","embeddable":true,"href":"https:\/\/www.comunicatur.info\/es\/wp-json\/wp\/v2\/tags?post=21844"}],"curies":[{"name":"wp","href":"https:\/\/api.w.org\/{rel}","templated":true}]}}