{"id":21793,"date":"2023-01-23T00:00:42","date_gmt":"2023-01-22T22:00:42","guid":{"rendered":"https:\/\/www.comunicatur.info\/?p=21793"},"modified":"2023-01-23T09:26:50","modified_gmt":"2023-01-23T07:26:50","slug":"un-fitur-2023-como-antes-de-la-pandemia","status":"publish","type":"post","link":"https:\/\/www.comunicatur.info\/es\/un-fitur-2023-como-antes-de-la-pandemia\/","title":{"rendered":"Un Fitur 2023 como antes de la pandemia"},"content":{"rendered":"<p>La Feria Internacional de Turismo (Fitur) de Madrid ha vuelto a recuperar su vida. M\u00e1s de 750 stands y m\u00e1s de 8.500 empresas expositoras han recuperado la actividad del certamen que se acerca a la participaci\u00f3n antes de la Covid. Los profesionales y el p\u00fablico visitante se han movido con la normalidad previa a la pandemia.<\/p>\n<p>Los organizadores han informado de que los expositores representan a 131 pa\u00edses. La cifra de visitantes del 18 al 22 de enero sube a los 220.000 entre profesionales (130 mil) y p\u00fablico general. Se trata de una cifra r\u00e9cord. Pero la gran beneficiada de esta feria es la ciudad de Madrid. La capital habr\u00eda recibido el impacto de 400 millones de euros gracias al gasto realizado por los profesionales del sector en alojamiento, restauraci\u00f3n, transporte, compras y ocio.<\/p>\n<blockquote class=\"twitter-tweet\">\n<p dir=\"ltr\" lang=\"es\"><a href=\"https:\/\/twitter.com\/hashtag\/Fitur2023?src=hash&amp;ref_src=twsrc%5Etfw\" target=\"_blank\" rel=\"noopener\">#Fitur2023<\/a> como siempre, como antes. El primer dia de feria los profesionales de la industria del <a href=\"https:\/\/twitter.com\/hashtag\/turismo?src=hash&amp;ref_src=twsrc%5Etfw\" target=\"_blank\" rel=\"noopener\">#turismo<\/a> han inundado estands y pabellones de <a href=\"https:\/\/twitter.com\/hashtag\/ifema?src=hash&amp;ref_src=twsrc%5Etfw\" target=\"_blank\" rel=\"noopener\">#ifema<\/a>.<\/p>\n<p>\ud83d\udc49\ud83c\udffc <a href=\"https:\/\/t.co\/gY79DIxiuh\" target=\"_blank\">https:\/\/t.co\/gY79DIxiuh<\/a> <a href=\"https:\/\/t.co\/IbE6x7GBnX\" target=\"_blank\">pic.twitter.com\/IbE6x7GBnX<\/a><\/p>\n<p>\u2014 Comunicatur.info (@comunicatur) <a href=\"https:\/\/twitter.com\/comunicatur\/status\/1615746200686166019?ref_src=twsrc%5Etfw\" target=\"_blank\" rel=\"noopener\">January 18, 2023<\/a><\/p><\/blockquote>\n<p><script async src=\"https:\/\/platform.twitter.com\/widgets.js\" charset=\"utf-8\"><\/script><\/p>\n<p>Fitur ha servido para hacer balance de 2022 y prever c\u00f3mo ser\u00e1 en 2023. Empresas y asociaciones, tambi\u00e9n destinos, han dado su visi\u00f3n. Dicen que este a\u00f1o ser\u00e1 mejor que el anterior y eso que el 2022 ha sido bastante bueno a pesar de haber tenido meses en los que el virus de la covid estaba en cotas muy elevadas, el precio de la energ\u00eda y la inflaci\u00f3n se han incrementado como nadie podr\u00eda imaginar, y en Europa se iniciaba una guerra que todav\u00eda sigue.<\/p>\n<p><img class=\"alignright size-medium wp-image-21791\" src=\"https:\/\/www.comunicatur.info\/wp-content\/uploads\/2023\/01\/Fitur23_Mice_feria-300x225.jpg\" alt=\"\" width=\"300\" height=\"225\" srcset=\"https:\/\/www.comunicatur.info\/wp-content\/uploads\/2023\/01\/Fitur23_Mice_feria-300x225.jpg 300w, https:\/\/www.comunicatur.info\/wp-content\/uploads\/2023\/01\/Fitur23_Mice_feria-600x450.jpg 600w, https:\/\/www.comunicatur.info\/wp-content\/uploads\/2023\/01\/Fitur23_Mice_feria.jpg 640w\" sizes=\"(max-width: 300px) 100vw, 300px\" \/>Y es que el conflicto b\u00e9lico entre Ucrania y Rusia no ha pasado desapercibido por Fitur. Hace casi un a\u00f1o empez\u00f3 la guerra entre ambos pa\u00edses. La feria ha querido apoyar a Ucrania ayud\u00e1ndola desde la vertiente del turismo y ha cedido gratuitamente un stand. La reconstrucci\u00f3n futura del pa\u00eds tambi\u00e9n pasar\u00e1 por el turismo, por eso han activado el programa Meet Ukraine que ha propiciado encuentros en Fitur para establecer v\u00ednculos y acuerdos entre empresas y territorios.<\/p>\n<p>Ucrania pretende crear destinos tur\u00edsticos vinculados a la guerra. Muchas localidades se han hecho conocidas en todo el mundo por el conflicto. En el futuro ser\u00e1n testigo de la historia del pa\u00eds y de Europa y esperan que esto se traduzca en llegadas de visitantes.<\/p>\n","protected":false},"excerpt":{"rendered":"<p>La Feria Internacional de Turismo (Fitur) de Madrid ha vuelto a recuperar su vida. M\u00e1s de 750 stands y m\u00e1s de 8.500 empresas expositoras han recuperado la actividad del certamen que se acerca a la participaci\u00f3n antes de la Covid. Los profesionales y el p\u00fablico visitante se han movido con la normalidad previa a la &hellip;<\/p>\n","protected":false},"author":408,"featured_media":21786,"comment_status":"closed","ping_status":"open","sticky":false,"template":"","format":"standard","meta":[],"categories":[63],"tags":[],"_links":{"self":[{"href":"https:\/\/www.comunicatur.info\/es\/wp-json\/wp\/v2\/posts\/21793"}],"collection":[{"href":"https:\/\/www.comunicatur.info\/es\/wp-json\/wp\/v2\/posts"}],"about":[{"href":"https:\/\/www.comunicatur.info\/es\/wp-json\/wp\/v2\/types\/post"}],"author":[{"embeddable":true,"href":"https:\/\/www.comunicatur.info\/es\/wp-json\/wp\/v2\/users\/408"}],"replies":[{"embeddable":true,"href":"https:\/\/www.comunicatur.info\/es\/wp-json\/wp\/v2\/comments?post=21793"}],"version-history":[{"count":5,"href":"https:\/\/www.comunicatur.info\/es\/wp-json\/wp\/v2\/posts\/21793\/revisions"}],"predecessor-version":[{"id":21799,"href":"https:\/\/www.comunicatur.info\/es\/wp-json\/wp\/v2\/posts\/21793\/revisions\/21799"}],"wp:featuredmedia":[{"embeddable":true,"href":"https:\/\/www.comunicatur.info\/es\/wp-json\/wp\/v2\/media\/21786"}],"wp:attachment":[{"href":"https:\/\/www.comunicatur.info\/es\/wp-json\/wp\/v2\/media?parent=21793"}],"wp:term":[{"taxonomy":"category","embeddable":true,"href":"https:\/\/www.comunicatur.info\/es\/wp-json\/wp\/v2\/categories?post=21793"},{"taxonomy":"post_tag","embeddable":true,"href":"https:\/\/www.comunicatur.info\/es\/wp-json\/wp\/v2\/tags?post=21793"}],"curies":[{"name":"wp","href":"https:\/\/api.w.org\/{rel}","templated":true}]}}