{"id":21731,"date":"2023-01-17T00:00:10","date_gmt":"2023-01-16T22:00:10","guid":{"rendered":"https:\/\/www.comunicatur.info\/?p=21731"},"modified":"2023-01-16T09:42:39","modified_gmt":"2023-01-16T07:42:39","slug":"la-linea-venecia-pagar-para-entrar","status":"publish","type":"post","link":"https:\/\/www.comunicatur.info\/es\/la-linea-venecia-pagar-para-entrar\/","title":{"rendered":"La l\u00ednea Venecia: pagar para entrar"},"content":{"rendered":"<p>Finalmente, la ciudad de los canales ha tomado la medida que ven\u00eda anunciando y posponiendo desde hace m\u00e1s de un a\u00f1o. Sienta un precedente inaudito que abre un camino a los destinos que sufren una elevada concentraci\u00f3n de visitantes y quieren evitar la masificaci\u00f3n.<\/p>\n<p>A partir del 16 de enero, los turistas deber\u00e1n reservar y pagar para poder acceder a Venecia. El Ayuntamiento quiere regular la masificaci\u00f3n tur\u00edstica que sufre la ciudad delimitando un n\u00famero m\u00e1ximo de visitantes.<\/p>\n<p><img class=\"alignright size-medium wp-image-21727\" src=\"https:\/\/www.comunicatur.info\/wp-content\/uploads\/2023\/01\/turistes_venecia-300x225.jpg\" alt=\"\" width=\"300\" height=\"225\" srcset=\"https:\/\/www.comunicatur.info\/wp-content\/uploads\/2023\/01\/turistes_venecia-300x225.jpg 300w, https:\/\/www.comunicatur.info\/wp-content\/uploads\/2023\/01\/turistes_venecia-600x450.jpg 600w, https:\/\/www.comunicatur.info\/wp-content\/uploads\/2023\/01\/turistes_venecia.jpg 640w\" sizes=\"(max-width: 300px) 100vw, 300px\" \/>El municipio tambi\u00e9n fue pionero en el control de los flujos tur\u00edsticos. Hace casi tres a\u00f1os anunciaba un sistema de c\u00e1maras y sensores distribuidos por los espacios tur\u00edsticos que detectan en tiempo real el n\u00famero de personas, el tiempo que pasan en cada punto estrat\u00e9gico, c\u00f3mo se mueven y si se trata de personas que se mueven por la ciudad de forma habitual o son turistas. Toda esta informaci\u00f3n es de ayuda para los responsables municipales a la hora de ordenar los flujos de visitantes.<\/p>\n<p>Ahora se suma la medida m\u00e1s dr\u00e1stica: una tasa de acceso cuyo precio ir\u00e1 de los 3 a los 10 euros por persona. La entrada se podr\u00e1 comprar por internet y variar\u00e1 su importe seg\u00fan la antelaci\u00f3n con la que se adquiera y dependiendo del n\u00famero de turistas que vayan reservando para el d\u00eda concreto.<\/p>\n<p>Un detalle importante es que los que pernocten en hoteles del interior de la isla quedar\u00e1n exentos de reservar la entrada porque ya sufragan la tasa del alojamiento. Esta ciudad italiana, Patrimonio de la Humanidad, muy limitada de superficie y con una movilidad complicada por sus canales, recibe entre 5 y 6 millones de turistas cada a\u00f1o. Con la limitaci\u00f3n del n\u00famero m\u00e1ximo de personas diarias esperan que la gesti\u00f3n de los flujos tur\u00edsticos mejore.<\/p>\n","protected":false},"excerpt":{"rendered":"<p>Finalmente, la ciudad de los canales ha tomado la medida que ven\u00eda anunciando y posponiendo desde hace m\u00e1s de un a\u00f1o. Sienta un precedente inaudito que abre un camino a los destinos que sufren una elevada concentraci\u00f3n de visitantes y quieren evitar la masificaci\u00f3n. A partir del 16 de enero, los turistas deber\u00e1n reservar y &hellip;<\/p>\n","protected":false},"author":408,"featured_media":21729,"comment_status":"closed","ping_status":"open","sticky":false,"template":"","format":"standard","meta":[],"categories":[62],"tags":[],"_links":{"self":[{"href":"https:\/\/www.comunicatur.info\/es\/wp-json\/wp\/v2\/posts\/21731"}],"collection":[{"href":"https:\/\/www.comunicatur.info\/es\/wp-json\/wp\/v2\/posts"}],"about":[{"href":"https:\/\/www.comunicatur.info\/es\/wp-json\/wp\/v2\/types\/post"}],"author":[{"embeddable":true,"href":"https:\/\/www.comunicatur.info\/es\/wp-json\/wp\/v2\/users\/408"}],"replies":[{"embeddable":true,"href":"https:\/\/www.comunicatur.info\/es\/wp-json\/wp\/v2\/comments?post=21731"}],"version-history":[{"count":2,"href":"https:\/\/www.comunicatur.info\/es\/wp-json\/wp\/v2\/posts\/21731\/revisions"}],"predecessor-version":[{"id":21733,"href":"https:\/\/www.comunicatur.info\/es\/wp-json\/wp\/v2\/posts\/21731\/revisions\/21733"}],"wp:featuredmedia":[{"embeddable":true,"href":"https:\/\/www.comunicatur.info\/es\/wp-json\/wp\/v2\/media\/21729"}],"wp:attachment":[{"href":"https:\/\/www.comunicatur.info\/es\/wp-json\/wp\/v2\/media?parent=21731"}],"wp:term":[{"taxonomy":"category","embeddable":true,"href":"https:\/\/www.comunicatur.info\/es\/wp-json\/wp\/v2\/categories?post=21731"},{"taxonomy":"post_tag","embeddable":true,"href":"https:\/\/www.comunicatur.info\/es\/wp-json\/wp\/v2\/tags?post=21731"}],"curies":[{"name":"wp","href":"https:\/\/api.w.org\/{rel}","templated":true}]}}